{"id":40917,"date":"2025-07-09T13:57:07","date_gmt":"2025-07-09T10:57:07","guid":{"rendered":"https:\/\/www.egemtv.com\/?p=40917"},"modified":"2025-07-09T13:57:13","modified_gmt":"2025-07-09T10:57:13","slug":"marmaristen-ingilterede-tanitim-atagi","status":"publish","type":"post","link":"https:\/\/www.egemtv.com\/?p=40917","title":{"rendered":"Marmaris\u2019ten \u0130ngiltere\u2019de tan\u0131t\u0131m ata\u011f\u0131"},"content":{"rendered":"<p>Marmaris, 2025 turizm sezonunda \u0130ngiltere pazar\u0131na y\u00f6nelik dikkat \u00e7ekici bir tan\u0131t\u0131m ata\u011f\u0131na kalk\u0131yor. Marmaris Belediyesi, Marmaris Ticaret Odas\u0131 (MTO) ve YDA Dalaman Havaliman\u0131 i\u015f birli\u011fiyle y\u00fcr\u00fct\u00fclecek kampanyalarda, Marmaris dijital mecralarda potansiyel tatilcilere tan\u0131t\u0131lacak ve talebin y\u00f6nlendirilmesi sa\u011flanacak. Temmuz ve A\u011fustos aylar\u0131n\u0131 kapsayan kampanya ile yakla\u015f\u0131k 10 milyonun \u00fczerinde potansiyel misafire ula\u015f\u0131lmas\u0131 hedefleniyor.<br \/>\n<br \/>\u0130ngiltere\u2019nin \u00f6nde gelen bir tur operat\u00f6r\u00fc ve hava yolu \u015firketi ile d\u00fcnya \u00e7ap\u0131nda havayolu firmalar\u0131 ve seyahat acenteleri taraf\u0131ndan kullan\u0131lan global bir rezervasyon platformu \u00fczerinden dijital mecralarda ger\u00e7ekle\u015ftirilecek olan destinasyon kampanyas\u0131, \u0130ngiltere pazar\u0131nda Marmaris\u2019in tan\u0131t\u0131m\u0131n\u0131 g\u00fc\u00e7lendirmeyi ve paket tatil sat\u0131\u015flar\u0131n\u0131 art\u0131rmay\u0131 ama\u00e7l\u0131yor. Kampanya, dijital reklamlar, sosyal medya i\u00e7erikleri, web sitesi g\u00f6r\u00fcn\u00fcrl\u00fckleri ve \u0130ngiltere\u2019de bulunan tatil sat\u0131\u015f ofislerinde do\u011frudan pazarlama faaliyetleriyle desteklenecek.<br \/>\n<br \/>Marmaris Belediye Ba\u015fkan\u0131 Acar \u00dcnl\u00fc konu ile ilgili yapt\u0131\u011f\u0131 a\u00e7\u0131klamada; &#8220;Marmaris\u2019in y\u0131llard\u0131r en pop\u00fcler tatil beldelerinden birisi oldu\u011fu Birle\u015fik Krall\u0131k pazar\u0131nda, b\u00f6lgemizin tan\u0131t\u0131m\u0131 amac\u0131yla kurumsal i\u015f birliklerine \u00f6nem veriyoruz. Bu ama\u00e7la Ticaret Odam\u0131z, havaliman\u0131 i\u015fletmemiz ve Birle\u015fik Krall\u0131k\u2019tan b\u00f6lgemize misafir getiren tur operat\u00f6rleri ile dinamik bir \u015fekilde planlamalar yap\u0131yor, \u00e7al\u0131\u015fmalar ger\u00e7ekle\u015ftiriyoruz. Bu sezon b\u00f6lgedeki i\u015fletmelerimize verebilece\u011fimiz en b\u00fcy\u00fck deste\u011fi yine bu i\u015f birli\u011fi ile vermeye \u00e7al\u0131\u015faca\u011f\u0131z. Sosyal medya ve dijital ileti\u015fim a\u011f\u0131rl\u0131kl\u0131 \u00e7al\u0131\u015fmalar\u0131m\u0131zda gerek bu sezon sonuna kadar s\u00fcrecek, gerekse \u00f6n\u00fcm\u00fczdeki y\u0131l i\u00e7in Marmaris\u2019i \u00f6n plana \u00e7\u0131karacak bu \u00e7al\u0131\u015fman\u0131n b\u00f6lgedeki doluluk oranlar\u0131n\u0131 artt\u0131rmas\u0131n\u0131 diliyorum&#8221; dedi.<br \/>\n<br \/>\u0130ngiltere\u2019nin Marmaris i\u00e7in ta\u015f\u0131d\u0131\u011f\u0131 stratejik \u00f6neme dikkat \u00e7eken Marmaris Ticaret Odas\u0131 Ba\u015fkan\u0131 S. Mutlu Ayhan, &#8220;\u0130ngiltere, Marmaris\u2019in en g\u00fc\u00e7l\u00fc ve istikrarl\u0131 turizm pazar\u0131. Ge\u00e7ti\u011fimiz y\u0131llarda ger\u00e7ekle\u015ftirdi\u011fimiz benzer dijital kampanyalar\u0131n sa\u011flad\u0131\u011f\u0131 olumlu geri d\u00f6n\u00fc\u015fler, bu y\u0131l daha kapsaml\u0131 ve iddial\u0131 bir kampanyaya zemin haz\u0131rlad\u0131. Temmuz ve A\u011fustos aylar\u0131nda sekt\u00f6r\u00fcn \u00f6nemli firmalar\u0131n\u0131n tan\u0131t\u0131m kanallar\u0131 olan sosyal medya, web siteleri ve geni\u015f e-posta a\u011flar\u0131 \u00fczerinden y\u00fcr\u00fct\u00fclecek tan\u0131t\u0131mlarla hem paket tatil sat\u0131\u015flar\u0131n\u0131 hem de Dalaman u\u00e7u\u015flar\u0131ndaki doluluk oranlar\u0131n\u0131 art\u0131rmay\u0131 hedefliyoruz. Reklam e\u015fde\u011feri milyonlarca pound olan bu kampanyan\u0131n sezon i\u00e7erisinde b\u00f6lge turizmine \u00f6nemli katk\u0131lar sa\u011flamas\u0131n\u0131 bekliyor, k\u0131ymetli i\u015f birli\u011fi ve desteklerinden dolay\u0131 Belediyemize ve YDA Dalaman Havaliman\u0131\u2019na \u00e7ok te\u015fekk\u00fcr ediyorum&#8221; \u015feklinde konu\u015ftu.<br \/><\/p>\n","protected":false},"excerpt":{"rendered":"<p>Marmaris, 2025 turizm sezonunda \u0130ngiltere pazar\u0131na y\u00f6nelik dikkat \u00e7ekici bir tan\u0131t\u0131m ata\u011f\u0131na kalk\u0131yor. Marmaris Belediyesi, Marmaris Ticaret Odas\u0131 (MTO) ve YDA Dalaman Havaliman\u0131 i\u015f birli\u011fiyle y\u00fcr\u00fct\u00fclecek kampanyalarda, Marmaris dijital mecralarda potansiyel tatilcilere tan\u0131t\u0131lacak ve talebin y\u00f6nlendirilmesi sa\u011flanacak. Temmuz ve A\u011fustos aylar\u0131n\u0131 kapsayan kampanya ile yakla\u015f\u0131k 10 milyonun \u00fczerinde potansiyel misafire ula\u015f\u0131lmas\u0131 hedefleniyor. \u0130ngiltere\u2019nin \u00f6nde gelen&#8230;<\/p>\n","protected":false},"author":1,"featured_media":40918,"comment_status":"open","ping_status":"open","sticky":false,"template":"","format":"standard","meta":{"_crdt_document":"","footnotes":""},"categories":[125],"tags":[],"class_list":["post-40917","post","type-post","status-publish","format-standard","has-post-thumbnail","hentry","category-ekonomi"],"_links":{"self":[{"href":"https:\/\/www.egemtv.com\/index.php?rest_route=\/wp\/v2\/posts\/40917","targetHints":{"allow":["GET"]}}],"collection":[{"href":"https:\/\/www.egemtv.com\/index.php?rest_route=\/wp\/v2\/posts"}],"about":[{"href":"https:\/\/www.egemtv.com\/index.php?rest_route=\/wp\/v2\/types\/post"}],"author":[{"embeddable":true,"href":"https:\/\/www.egemtv.com\/index.php?rest_route=\/wp\/v2\/users\/1"}],"replies":[{"embeddable":true,"href":"https:\/\/www.egemtv.com\/index.php?rest_route=%2Fwp%2Fv2%2Fcomments&post=40917"}],"version-history":[{"count":1,"href":"https:\/\/www.egemtv.com\/index.php?rest_route=\/wp\/v2\/posts\/40917\/revisions"}],"predecessor-version":[{"id":40919,"href":"https:\/\/www.egemtv.com\/index.php?rest_route=\/wp\/v2\/posts\/40917\/revisions\/40919"}],"wp:featuredmedia":[{"embeddable":true,"href":"https:\/\/www.egemtv.com\/index.php?rest_route=\/wp\/v2\/media\/40918"}],"wp:attachment":[{"href":"https:\/\/www.egemtv.com\/index.php?rest_route=%2Fwp%2Fv2%2Fmedia&parent=40917"}],"wp:term":[{"taxonomy":"category","embeddable":true,"href":"https:\/\/www.egemtv.com\/index.php?rest_route=%2Fwp%2Fv2%2Fcategories&post=40917"},{"taxonomy":"post_tag","embeddable":true,"href":"https:\/\/www.egemtv.com\/index.php?rest_route=%2Fwp%2Fv2%2Ftags&post=40917"}],"curies":[{"name":"wp","href":"https:\/\/api.w.org\/{rel}","templated":true}]}}