{"id":40914,"date":"2025-07-09T13:57:04","date_gmt":"2025-07-09T10:57:04","guid":{"rendered":"https:\/\/www.egemtv.com\/?p=40914"},"modified":"2025-07-09T13:57:07","modified_gmt":"2025-07-09T10:57:07","slug":"datcada-meclis-uyeleri-basin-mensuplari-ile-bulustu","status":"publish","type":"post","link":"https:\/\/www.egemtv.com\/?p=40914","title":{"rendered":"Dat\u00e7a\u2019da meclis \u00fcyeleri bas\u0131n mensuplar\u0131 ile bulu\u015ftu"},"content":{"rendered":"<p>Mu\u011fla\u2019n\u0131n Dat\u00e7a il\u00e7esinde MHP ve AK Partili meclis \u00fcyeleri bas\u0131n mensuplar\u0131 ile kahvalt\u0131da bulu\u015ftu.<\/p>\n<p>Dat\u00e7a\u2019da MHP ve AK Partili meclis \u00fcyeleri il\u00e7ede g\u00f6rev yapan bas\u0131n mensuplar\u0131 ile beraber Kentpark\u2019ta bir araya geldi. Bas\u0131n mensuplar\u0131 ile bulu\u015fan meclis \u00fcyeleri il\u00e7enin sorunlar\u0131n\u0131 konu\u015ftu. Meclis \u00fcyeleri \u00f6zellikle yaz aylar\u0131n\u0131n yo\u011fun ya\u015fand\u0131\u011f\u0131 turizm d\u00f6neminde il\u00e7ede ya\u015fanan sorunlar\u0131 masaya yat\u0131rarak bunlar\u0131n \u00e7\u00f6z\u00fcm yollar\u0131n\u0131 bulmak i\u00e7in yap\u0131lmas\u0131 gerekenleri tespit etti. Bu konuda Dat\u00e7a Belediyesi\u2019ne d\u00fc\u015fen sorumluluklar hakk\u0131nda g\u00f6r\u00fc\u015f al\u0131\u015fveri\u015finde bulunan meclis \u00fcyeleri, \u00fczerine d\u00fc\u015fen g\u00f6revleri yerine getirmek i\u00e7in belediye ile diyalog i\u00e7inde olacaklar\u0131n\u0131 belirtti.<br \/><\/p>\n","protected":false},"excerpt":{"rendered":"<p>Mu\u011fla\u2019n\u0131n Dat\u00e7a il\u00e7esinde MHP ve AK Partili meclis \u00fcyeleri bas\u0131n mensuplar\u0131 ile kahvalt\u0131da bulu\u015ftu. Dat\u00e7a\u2019da MHP ve AK Partili meclis \u00fcyeleri il\u00e7ede g\u00f6rev yapan bas\u0131n mensuplar\u0131 ile beraber Kentpark\u2019ta bir araya geldi. Bas\u0131n mensuplar\u0131 ile bulu\u015fan meclis \u00fcyeleri il\u00e7enin sorunlar\u0131n\u0131 konu\u015ftu. Meclis \u00fcyeleri \u00f6zellikle yaz aylar\u0131n\u0131n yo\u011fun ya\u015fand\u0131\u011f\u0131 turizm d\u00f6neminde il\u00e7ede ya\u015fanan sorunlar\u0131 masaya yat\u0131rarak&#8230;<\/p>\n","protected":false},"author":1,"featured_media":40915,"comment_status":"open","ping_status":"open","sticky":false,"template":"","format":"standard","meta":{"_crdt_document":"","footnotes":""},"categories":[127],"tags":[],"class_list":["post-40914","post","type-post","status-publish","format-standard","has-post-thumbnail","hentry","category-siyaset"],"_links":{"self":[{"href":"https:\/\/www.egemtv.com\/index.php?rest_route=\/wp\/v2\/posts\/40914","targetHints":{"allow":["GET"]}}],"collection":[{"href":"https:\/\/www.egemtv.com\/index.php?rest_route=\/wp\/v2\/posts"}],"about":[{"href":"https:\/\/www.egemtv.com\/index.php?rest_route=\/wp\/v2\/types\/post"}],"author":[{"embeddable":true,"href":"https:\/\/www.egemtv.com\/index.php?rest_route=\/wp\/v2\/users\/1"}],"replies":[{"embeddable":true,"href":"https:\/\/www.egemtv.com\/index.php?rest_route=%2Fwp%2Fv2%2Fcomments&post=40914"}],"version-history":[{"count":1,"href":"https:\/\/www.egemtv.com\/index.php?rest_route=\/wp\/v2\/posts\/40914\/revisions"}],"predecessor-version":[{"id":40916,"href":"https:\/\/www.egemtv.com\/index.php?rest_route=\/wp\/v2\/posts\/40914\/revisions\/40916"}],"wp:featuredmedia":[{"embeddable":true,"href":"https:\/\/www.egemtv.com\/index.php?rest_route=\/wp\/v2\/media\/40915"}],"wp:attachment":[{"href":"https:\/\/www.egemtv.com\/index.php?rest_route=%2Fwp%2Fv2%2Fmedia&parent=40914"}],"wp:term":[{"taxonomy":"category","embeddable":true,"href":"https:\/\/www.egemtv.com\/index.php?rest_route=%2Fwp%2Fv2%2Fcategories&post=40914"},{"taxonomy":"post_tag","embeddable":true,"href":"https:\/\/www.egemtv.com\/index.php?rest_route=%2Fwp%2Fv2%2Ftags&post=40914"}],"curies":[{"name":"wp","href":"https:\/\/api.w.org\/{rel}","templated":true}]}}