{"id":40908,"date":"2025-07-09T13:38:39","date_gmt":"2025-07-09T10:38:39","guid":{"rendered":"https:\/\/www.egemtv.com\/?p=40908"},"modified":"2025-07-09T13:38:44","modified_gmt":"2025-07-09T10:38:44","slug":"aydinli-sporcular-avrupa-genclik-olimpiyatlarinda","status":"publish","type":"post","link":"https:\/\/www.egemtv.com\/?p=40908","title":{"rendered":"Ayd\u0131nl\u0131 sporcular Avrupa Gen\u00e7lik Olimpiyatlar\u0131\u2019nda"},"content":{"rendered":"<p>Ayd\u0131nl\u0131 milli sporcular Koray Uygun ve \u00d6yk\u00fc Ceylin Tekdal, Kuzey Makedonya\u2019n\u0131n \u00dcsk\u00fcp kentinde d\u00fczenlenecek olan 18. Avrupa Gen\u00e7lik Olimpik Yaz Festivali\u2019nde (EYOF) Ayd\u0131n\u2019\u0131 ve T\u00fcrkiye\u2019yi temsil edecek.<\/p>\n<p>18. Avrupa Gen\u00e7lik Olimpik Yaz Festivali (EYOF), 20-26 Temmuz 2025 tarihleri aras\u0131nda Kuzey Makedonya\u2019n\u0131n \u00dcsk\u00fcp kentinde d\u00fczenlenecek. Festival \u00f6ncesinde ise Ayd\u0131n\u2019\u0131 ve T\u00fcrkiye\u2019yi temsil edecek sporcular belli oldu.<\/p>\n<p>Ayd\u0131nl\u0131 milli sporcular Koray Uygun ve \u00d6yk\u00fc Ceylin Tekdal, milli forma ile EYOF sahnesinde m\u00fccadele edecek. \u015eampiyonada, Koray Uygun, 110 metre engelli bran\u015f\u0131nda piste \u00e7\u0131kacak. Uygun, 13.14\u2019l\u00fck derecesiyle T\u00fcrkiye rekorunun sahibi ve ayn\u0131 zamanda Avrupa lideri olarak yar\u0131\u015fmaya kat\u0131lacak. \u00d6yk\u00fc Ceylin Tekdal ise 100 metre engelli bran\u015f\u0131nda T\u00fcrkiye\u2019yi temsil edecek.<\/p>\n<p>Konu ile ilgili Ayd\u0131n Gen\u00e7lik ve Spor \u0130l M\u00fcd\u00fcrl\u00fc\u011f\u00fc\u2019nden yap\u0131lan a\u00e7\u0131klamada &#8220;Avrupa\u2019da yar\u0131\u015facak sporcular\u0131m\u0131za ve antren\u00f6rlerine ba\u015far\u0131lar dileriz. Bu b\u00fcy\u00fck organizasyonda \u00fclkemizi en iyi \u015fekilde temsil edeceklerine olan inanc\u0131m\u0131z tam&#8221; ifadeleri yer ald\u0131.<br \/><\/p>\n","protected":false},"excerpt":{"rendered":"<p>Ayd\u0131nl\u0131 milli sporcular Koray Uygun ve \u00d6yk\u00fc Ceylin Tekdal, Kuzey Makedonya\u2019n\u0131n \u00dcsk\u00fcp kentinde d\u00fczenlenecek olan 18. Avrupa Gen\u00e7lik Olimpik Yaz Festivali\u2019nde (EYOF) Ayd\u0131n\u2019\u0131 ve T\u00fcrkiye\u2019yi temsil edecek. 18. Avrupa Gen\u00e7lik Olimpik Yaz Festivali (EYOF), 20-26 Temmuz 2025 tarihleri aras\u0131nda Kuzey Makedonya\u2019n\u0131n \u00dcsk\u00fcp kentinde d\u00fczenlenecek. Festival \u00f6ncesinde ise Ayd\u0131n\u2019\u0131 ve T\u00fcrkiye\u2019yi temsil edecek sporcular belli oldu&#8230;.<\/p>\n","protected":false},"author":1,"featured_media":40909,"comment_status":"open","ping_status":"open","sticky":false,"template":"","format":"standard","meta":{"_crdt_document":"","footnotes":""},"categories":[4],"tags":[],"class_list":["post-40908","post","type-post","status-publish","format-standard","has-post-thumbnail","hentry","category-spor"],"_links":{"self":[{"href":"https:\/\/www.egemtv.com\/index.php?rest_route=\/wp\/v2\/posts\/40908","targetHints":{"allow":["GET"]}}],"collection":[{"href":"https:\/\/www.egemtv.com\/index.php?rest_route=\/wp\/v2\/posts"}],"about":[{"href":"https:\/\/www.egemtv.com\/index.php?rest_route=\/wp\/v2\/types\/post"}],"author":[{"embeddable":true,"href":"https:\/\/www.egemtv.com\/index.php?rest_route=\/wp\/v2\/users\/1"}],"replies":[{"embeddable":true,"href":"https:\/\/www.egemtv.com\/index.php?rest_route=%2Fwp%2Fv2%2Fcomments&post=40908"}],"version-history":[{"count":1,"href":"https:\/\/www.egemtv.com\/index.php?rest_route=\/wp\/v2\/posts\/40908\/revisions"}],"predecessor-version":[{"id":40910,"href":"https:\/\/www.egemtv.com\/index.php?rest_route=\/wp\/v2\/posts\/40908\/revisions\/40910"}],"wp:featuredmedia":[{"embeddable":true,"href":"https:\/\/www.egemtv.com\/index.php?rest_route=\/wp\/v2\/media\/40909"}],"wp:attachment":[{"href":"https:\/\/www.egemtv.com\/index.php?rest_route=%2Fwp%2Fv2%2Fmedia&parent=40908"}],"wp:term":[{"taxonomy":"category","embeddable":true,"href":"https:\/\/www.egemtv.com\/index.php?rest_route=%2Fwp%2Fv2%2Fcategories&post=40908"},{"taxonomy":"post_tag","embeddable":true,"href":"https:\/\/www.egemtv.com\/index.php?rest_route=%2Fwp%2Fv2%2Ftags&post=40908"}],"curies":[{"name":"wp","href":"https:\/\/api.w.org\/{rel}","templated":true}]}}