{"id":40902,"date":"2025-07-09T13:15:44","date_gmt":"2025-07-09T10:15:44","guid":{"rendered":"https:\/\/www.egemtv.com\/?p=40902"},"modified":"2025-07-09T13:15:48","modified_gmt":"2025-07-09T10:15:48","slug":"baklavacidaki-fare-goruntusu-mide-bulandirdi","status":"publish","type":"post","link":"https:\/\/www.egemtv.com\/?p=40902","title":{"rendered":"Baklavac\u0131daki fare g\u00f6r\u00fcnt\u00fcs\u00fc mide buland\u0131rd\u0131"},"content":{"rendered":"<p>Ayd\u0131n\u2019\u0131n Efeler il\u00e7esinde baklava sat\u0131\u015f\u0131n\u0131n yap\u0131ld\u0131\u011f\u0131 bir i\u015f yerindeki fare g\u00f6r\u00fcnt\u00fclerinin sosyal medyaya geni\u015f yank\u0131 bulmas\u0131n\u0131n ard\u0131ndan ekipler i\u015f yerinde denetim yaparak \u00fcr\u00fcnlerden numune ald\u0131.<\/p>\n<p>Olay, Ramazan Pa\u015fa Mahallesi \u0130stiklal Caddesi \u00fczerinde bulunan baklava sat\u0131\u015f\u0131n\u0131n yap\u0131ld\u0131\u011f\u0131 bir i\u015fletmede meydana geldi. Edinilen bilgiye g\u00f6re, uzun s\u00fcredir faaliyette olan i\u015fletmede \u00e7ekmecede ve yerlerde gezen farenin g\u00f6r\u00fcnt\u00fcleri sosyal medyada h\u0131zla yay\u0131ld\u0131. Kamuoyunda infial olu\u015fturan g\u00f6r\u00fcnt\u00fcler \u00fczerine inceleme ba\u015flatan ekipler harekete ge\u00e7ti. Ak\u015fam saatlerinde ortaya \u00e7\u0131kan g\u00f6r\u00fcnt\u00fcler \u00fczerine h\u0131zla i\u015fletmeye giden Efeler Belediyesi Zab\u0131ta M\u00fcd\u00fcrl\u00fc\u011f\u00fc ekipleri i\u015fletmedeki faaliyeti durdurdu. Sabah saatlerinde Zab\u0131ta ile Efeler \u0130l\u00e7e Tar\u0131m ve Orman M\u00fcd\u00fcrl\u00fc\u011f\u00fc ekipleri birlikte i\u015fletmede denetim ger\u00e7ekle\u015ftirildi. Denetimlerde \u00fcr\u00fcnlerden numuneler al\u0131n\u0131rken, tutanaklar tutuldu. \u00d6te yandan i\u00e7erideki so\u011futucunun alt k\u0131sm\u0131nda da fare pisli\u011fine rastland\u0131\u011f\u0131 \u00f6\u011frenildi.<\/p>\n<p>\u0130\u015fletme sahibi ise g\u00f6r\u00fcnt\u00fclerin eski bir personeli taraf\u0131ndan kurguland\u0131\u011f\u0131n\u0131 iddia ederek, konu hakk\u0131nda su\u00e7 duyurusunda bulunaca\u011f\u0131 bilgisine ula\u015f\u0131ld\u0131.<br \/><\/p>\n","protected":false},"excerpt":{"rendered":"<p>Ayd\u0131n\u2019\u0131n Efeler il\u00e7esinde baklava sat\u0131\u015f\u0131n\u0131n yap\u0131ld\u0131\u011f\u0131 bir i\u015f yerindeki fare g\u00f6r\u00fcnt\u00fclerinin sosyal medyaya geni\u015f yank\u0131 bulmas\u0131n\u0131n ard\u0131ndan ekipler i\u015f yerinde denetim yaparak \u00fcr\u00fcnlerden numune ald\u0131. Olay, Ramazan Pa\u015fa Mahallesi \u0130stiklal Caddesi \u00fczerinde bulunan baklava sat\u0131\u015f\u0131n\u0131n yap\u0131ld\u0131\u011f\u0131 bir i\u015fletmede meydana geldi. Edinilen bilgiye g\u00f6re, uzun s\u00fcredir faaliyette olan i\u015fletmede \u00e7ekmecede ve yerlerde gezen farenin g\u00f6r\u00fcnt\u00fcleri sosyal&#8230;<\/p>\n","protected":false},"author":1,"featured_media":40903,"comment_status":"open","ping_status":"open","sticky":false,"template":"","format":"standard","meta":{"_crdt_document":"","footnotes":""},"categories":[5],"tags":[],"class_list":["post-40902","post","type-post","status-publish","format-standard","has-post-thumbnail","hentry","category-asayis"],"_links":{"self":[{"href":"https:\/\/www.egemtv.com\/index.php?rest_route=\/wp\/v2\/posts\/40902","targetHints":{"allow":["GET"]}}],"collection":[{"href":"https:\/\/www.egemtv.com\/index.php?rest_route=\/wp\/v2\/posts"}],"about":[{"href":"https:\/\/www.egemtv.com\/index.php?rest_route=\/wp\/v2\/types\/post"}],"author":[{"embeddable":true,"href":"https:\/\/www.egemtv.com\/index.php?rest_route=\/wp\/v2\/users\/1"}],"replies":[{"embeddable":true,"href":"https:\/\/www.egemtv.com\/index.php?rest_route=%2Fwp%2Fv2%2Fcomments&post=40902"}],"version-history":[{"count":1,"href":"https:\/\/www.egemtv.com\/index.php?rest_route=\/wp\/v2\/posts\/40902\/revisions"}],"predecessor-version":[{"id":40904,"href":"https:\/\/www.egemtv.com\/index.php?rest_route=\/wp\/v2\/posts\/40902\/revisions\/40904"}],"wp:featuredmedia":[{"embeddable":true,"href":"https:\/\/www.egemtv.com\/index.php?rest_route=\/wp\/v2\/media\/40903"}],"wp:attachment":[{"href":"https:\/\/www.egemtv.com\/index.php?rest_route=%2Fwp%2Fv2%2Fmedia&parent=40902"}],"wp:term":[{"taxonomy":"category","embeddable":true,"href":"https:\/\/www.egemtv.com\/index.php?rest_route=%2Fwp%2Fv2%2Fcategories&post=40902"},{"taxonomy":"post_tag","embeddable":true,"href":"https:\/\/www.egemtv.com\/index.php?rest_route=%2Fwp%2Fv2%2Ftags&post=40902"}],"curies":[{"name":"wp","href":"https:\/\/api.w.org\/{rel}","templated":true}]}}