{"id":40899,"date":"2025-07-09T12:55:38","date_gmt":"2025-07-09T09:55:38","guid":{"rendered":"https:\/\/www.egemtv.com\/?p=40899"},"modified":"2025-07-09T12:55:43","modified_gmt":"2025-07-09T09:55:43","slug":"yangindan-geriye-kule-donen-evler-ve-tarlalar-kaldi","status":"publish","type":"post","link":"https:\/\/www.egemtv.com\/?p=40899","title":{"rendered":"Yang\u0131ndan geriye k\u00fcle d\u00f6nen evler ve tarlalar kald\u0131"},"content":{"rendered":"<p>Manisa\u2019n\u0131n Sar\u0131g\u00f6l il\u00e7esinde ba\u015flay\u0131p U\u015fak\u2019\u0131n E\u015fme il\u00e7esine kadar ilerleyen ve ekiplerin m\u00fcdahalesiyle s\u00f6nd\u00fcr\u00fclen yang\u0131ndan geriye k\u00fcle d\u00f6nen evler ve tarlalar kald\u0131.<br \/>\n<br \/>Manisa\u2019n\u0131n Sar\u0131g\u00f6l il\u00e7esine ba\u011fl\u0131 Ziyanlar Mahallesi T\u00fcrkmentepe mevkisinde, dere yata\u011f\u0131ndaki me\u015felik alanda yang\u0131n \u00e7\u0131kt\u0131. Yang\u0131n r\u00fczgar\u0131n da etkisiyle U\u015fak\u2019\u0131n E\u015fme il\u00e7esine ba\u011fl\u0131 Ta\u015fk\u00f6y\u2019e ula\u015f\u0131rken k\u00f6yl\u00fcler b\u00f6lgeden tahliye edildi. Havadan ve karadan yap\u0131lan m\u00fcdahalelerle yang\u0131n U\u015fak\u2019\u0131n E\u015fme il\u00e7esinde kontrol alt\u0131na al\u0131nd\u0131. Yang\u0131n\u0131n ard\u0131ndan b\u00f6lgeye d\u00f6nen vatanda\u015flar i\u00e7ler ac\u0131s\u0131 manzarayla kar\u015f\u0131la\u015ft\u0131. B\u00fcy\u00fck bir y\u0131k\u0131ma yol a\u00e7an yang\u0131ndan geriye k\u00fcle d\u00f6nen evler ve tarlalar kald\u0131. B\u00f6lgede inceleme yapan ev ve tarla sahipleri o anlar\u0131 cep telefonuyla g\u00f6r\u00fcnt\u00fcledi.<br \/><\/p>\n","protected":false},"excerpt":{"rendered":"<p>Manisa\u2019n\u0131n Sar\u0131g\u00f6l il\u00e7esinde ba\u015flay\u0131p U\u015fak\u2019\u0131n E\u015fme il\u00e7esine kadar ilerleyen ve ekiplerin m\u00fcdahalesiyle s\u00f6nd\u00fcr\u00fclen yang\u0131ndan geriye k\u00fcle d\u00f6nen evler ve tarlalar kald\u0131. Manisa\u2019n\u0131n Sar\u0131g\u00f6l il\u00e7esine ba\u011fl\u0131 Ziyanlar Mahallesi T\u00fcrkmentepe mevkisinde, dere yata\u011f\u0131ndaki me\u015felik alanda yang\u0131n \u00e7\u0131kt\u0131. Yang\u0131n r\u00fczgar\u0131n da etkisiyle U\u015fak\u2019\u0131n E\u015fme il\u00e7esine ba\u011fl\u0131 Ta\u015fk\u00f6y\u2019e ula\u015f\u0131rken k\u00f6yl\u00fcler b\u00f6lgeden tahliye edildi. Havadan ve karadan yap\u0131lan m\u00fcdahalelerle yang\u0131n&#8230;<\/p>\n","protected":false},"author":1,"featured_media":40900,"comment_status":"open","ping_status":"open","sticky":false,"template":"","format":"standard","meta":{"_crdt_document":"","footnotes":""},"categories":[5],"tags":[],"class_list":["post-40899","post","type-post","status-publish","format-standard","has-post-thumbnail","hentry","category-asayis"],"_links":{"self":[{"href":"https:\/\/www.egemtv.com\/index.php?rest_route=\/wp\/v2\/posts\/40899","targetHints":{"allow":["GET"]}}],"collection":[{"href":"https:\/\/www.egemtv.com\/index.php?rest_route=\/wp\/v2\/posts"}],"about":[{"href":"https:\/\/www.egemtv.com\/index.php?rest_route=\/wp\/v2\/types\/post"}],"author":[{"embeddable":true,"href":"https:\/\/www.egemtv.com\/index.php?rest_route=\/wp\/v2\/users\/1"}],"replies":[{"embeddable":true,"href":"https:\/\/www.egemtv.com\/index.php?rest_route=%2Fwp%2Fv2%2Fcomments&post=40899"}],"version-history":[{"count":1,"href":"https:\/\/www.egemtv.com\/index.php?rest_route=\/wp\/v2\/posts\/40899\/revisions"}],"predecessor-version":[{"id":40901,"href":"https:\/\/www.egemtv.com\/index.php?rest_route=\/wp\/v2\/posts\/40899\/revisions\/40901"}],"wp:featuredmedia":[{"embeddable":true,"href":"https:\/\/www.egemtv.com\/index.php?rest_route=\/wp\/v2\/media\/40900"}],"wp:attachment":[{"href":"https:\/\/www.egemtv.com\/index.php?rest_route=%2Fwp%2Fv2%2Fmedia&parent=40899"}],"wp:term":[{"taxonomy":"category","embeddable":true,"href":"https:\/\/www.egemtv.com\/index.php?rest_route=%2Fwp%2Fv2%2Fcategories&post=40899"},{"taxonomy":"post_tag","embeddable":true,"href":"https:\/\/www.egemtv.com\/index.php?rest_route=%2Fwp%2Fv2%2Ftags&post=40899"}],"curies":[{"name":"wp","href":"https:\/\/api.w.org\/{rel}","templated":true}]}}