{"id":40896,"date":"2025-07-09T12:55:33","date_gmt":"2025-07-09T09:55:33","guid":{"rendered":"https:\/\/www.egemtv.com\/?p=40896"},"modified":"2025-07-09T12:55:38","modified_gmt":"2025-07-09T09:55:38","slug":"tavsanlida-kadinlarin-geri-donusum-hamlesi","status":"publish","type":"post","link":"https:\/\/www.egemtv.com\/?p=40896","title":{"rendered":"Tav\u015fanl\u0131\u2019da Kad\u0131nlar\u0131n geri d\u00f6n\u00fc\u015f\u00fcm hamlesi"},"content":{"rendered":"<p>K\u00fctahya\u2019n\u0131n Tav\u015fanl\u0131 il\u00e7esinde, Zeytino\u011flu Halk K\u00fct\u00fcphanesi, Uluslararas\u0131 Po\u015fetten Ka\u00e7\u0131nma G\u00fcn\u00fc\u2019ne \u00f6zel anlaml\u0131 bir etkinli\u011fe ev sahipli\u011fi yapt\u0131. Okuman\u0131n d\u00f6n\u00fc\u015ft\u00fcr\u00fcc\u00fc g\u00fcc\u00fcyle do\u011fa aras\u0131ndaki ba\u011f\u0131 g\u00fc\u00e7lendirmeyi ama\u00e7layan etkinlikte, k\u00fct\u00fcphane okurlar\u0131 hem \u00e7evre bilincini art\u0131rd\u0131 hem de el eme\u011fiyle sanata d\u00f6n\u00fc\u015ft\u00fcrd\u00fc.<br \/>\n<br \/>Zeytino\u011flu Halk K\u00fct\u00fcphanesi M\u00fcd\u00fcr\u00fc \u00dclk\u00fc Bekta\u015f, \u00f6nc\u00fcl\u00fc\u011f\u00fcnde d\u00fczenlenen etkinlikte, k\u00fct\u00fcphaneye d\u00fczenli olarak gelerek kitap okuma al\u0131\u015fkanl\u0131\u011f\u0131n\u0131 s\u00fcrd\u00fcren kad\u0131nlar, gazete par\u00e7alar\u0131n\u0131 kullanarak \u00f6zg\u00fcn keseka\u011f\u0131tlar\u0131 tasarlad\u0131lar. Etkinlik, \u2018ye\u015fil k\u00fct\u00fcphane\u2019 anlay\u0131\u015f\u0131n\u0131n Tav\u015fanl\u0131\u2019da nas\u0131l hayata ge\u00e7irilebilece\u011fine dair ilham verici bir \u00f6rnek te\u015fkil etti. Ek olarak kad\u0131nlar bu etkinlikte, \u00e7evre kirlili\u011finin \u00f6n\u00fcne ge\u00e7mek i\u00e7in geri d\u00f6n\u00fc\u015f\u00fcm\u00fcn \u00f6nemini vurgulad\u0131lar.<br \/>\n<br \/>K\u00fct\u00fcphane M\u00fcd\u00fcr\u00fc \u00dclk\u00fc Bekta\u015f, etkinlik s\u0131ras\u0131nda yapt\u0131\u011f\u0131 konu\u015fmada plastik po\u015fetlerin \u00e7evreye verdi\u011fi zararlara dikkat \u00e7ekti ve kat\u0131l\u0131mc\u0131lara te\u015fekk\u00fcr etti. Bekta\u015f plastik po\u015fetlerin toprak ve su kirlili\u011fine yol a\u00e7t\u0131\u011f\u0131n\u0131 belirterek, herkesin bu konuda duyarl\u0131 olmas\u0131 gerekti\u011fini vurgulad\u0131. Ayr\u0131ca, po\u015fet kullan\u0131m\u0131n\u0131n azalt\u0131lmas\u0131 ve alternatif \u00e7evre dostu \u00e7\u00f6z\u00fcmlerin benimsenmesi gerekti\u011finin alt\u0131n\u0131 \u00e7izdi. K\u00fct\u00fcphanede yap\u0131lan \u00e7al\u0131\u015fmalarla \u00e7evre bilincinin art\u0131r\u0131lmas\u0131na y\u00f6nelik projelerin devam edece\u011fini de belirtti.<br \/>\n<br \/>Gazete par\u00e7alar\u0131ndan haz\u0131rlanan keseka\u011f\u0131tlar\u0131, \u00e7evreye duyarl\u0131 bir ya\u015fam tarz\u0131n\u0131n sembol\u00fc olarak dikkat \u00e7ekti. Kat\u0131l\u0131mc\u0131lar, etkinli\u011fin fark\u0131ndal\u0131k olu\u015fturmak a\u00e7\u0131s\u0131ndan olduk\u00e7a ba\u015far\u0131l\u0131 oldu\u011funu ifade etti.<br \/><\/p>\n","protected":false},"excerpt":{"rendered":"<p>K\u00fctahya\u2019n\u0131n Tav\u015fanl\u0131 il\u00e7esinde, Zeytino\u011flu Halk K\u00fct\u00fcphanesi, Uluslararas\u0131 Po\u015fetten Ka\u00e7\u0131nma G\u00fcn\u00fc\u2019ne \u00f6zel anlaml\u0131 bir etkinli\u011fe ev sahipli\u011fi yapt\u0131. Okuman\u0131n d\u00f6n\u00fc\u015ft\u00fcr\u00fcc\u00fc g\u00fcc\u00fcyle do\u011fa aras\u0131ndaki ba\u011f\u0131 g\u00fc\u00e7lendirmeyi ama\u00e7layan etkinlikte, k\u00fct\u00fcphane okurlar\u0131 hem \u00e7evre bilincini art\u0131rd\u0131 hem de el eme\u011fiyle sanata d\u00f6n\u00fc\u015ft\u00fcrd\u00fc. Zeytino\u011flu Halk K\u00fct\u00fcphanesi M\u00fcd\u00fcr\u00fc \u00dclk\u00fc Bekta\u015f, \u00f6nc\u00fcl\u00fc\u011f\u00fcnde d\u00fczenlenen etkinlikte, k\u00fct\u00fcphaneye d\u00fczenli olarak gelerek kitap okuma al\u0131\u015fkanl\u0131\u011f\u0131n\u0131 s\u00fcrd\u00fcren&#8230;<\/p>\n","protected":false},"author":1,"featured_media":40897,"comment_status":"open","ping_status":"open","sticky":false,"template":"","format":"standard","meta":{"_crdt_document":"","footnotes":""},"categories":[1],"tags":[],"class_list":["post-40896","post","type-post","status-publish","format-standard","has-post-thumbnail","hentry","category-guncel"],"_links":{"self":[{"href":"https:\/\/www.egemtv.com\/index.php?rest_route=\/wp\/v2\/posts\/40896","targetHints":{"allow":["GET"]}}],"collection":[{"href":"https:\/\/www.egemtv.com\/index.php?rest_route=\/wp\/v2\/posts"}],"about":[{"href":"https:\/\/www.egemtv.com\/index.php?rest_route=\/wp\/v2\/types\/post"}],"author":[{"embeddable":true,"href":"https:\/\/www.egemtv.com\/index.php?rest_route=\/wp\/v2\/users\/1"}],"replies":[{"embeddable":true,"href":"https:\/\/www.egemtv.com\/index.php?rest_route=%2Fwp%2Fv2%2Fcomments&post=40896"}],"version-history":[{"count":1,"href":"https:\/\/www.egemtv.com\/index.php?rest_route=\/wp\/v2\/posts\/40896\/revisions"}],"predecessor-version":[{"id":40898,"href":"https:\/\/www.egemtv.com\/index.php?rest_route=\/wp\/v2\/posts\/40896\/revisions\/40898"}],"wp:featuredmedia":[{"embeddable":true,"href":"https:\/\/www.egemtv.com\/index.php?rest_route=\/wp\/v2\/media\/40897"}],"wp:attachment":[{"href":"https:\/\/www.egemtv.com\/index.php?rest_route=%2Fwp%2Fv2%2Fmedia&parent=40896"}],"wp:term":[{"taxonomy":"category","embeddable":true,"href":"https:\/\/www.egemtv.com\/index.php?rest_route=%2Fwp%2Fv2%2Fcategories&post=40896"},{"taxonomy":"post_tag","embeddable":true,"href":"https:\/\/www.egemtv.com\/index.php?rest_route=%2Fwp%2Fv2%2Ftags&post=40896"}],"curies":[{"name":"wp","href":"https:\/\/api.w.org\/{rel}","templated":true}]}}