{"id":40893,"date":"2025-07-09T12:36:08","date_gmt":"2025-07-09T09:36:08","guid":{"rendered":"https:\/\/www.egemtv.com\/?p=40893"},"modified":"2025-07-09T12:36:13","modified_gmt":"2025-07-09T09:36:13","slug":"muglada-tarihi-eser-ve-ruhsatsiz-silah-operasyonu","status":"publish","type":"post","link":"https:\/\/www.egemtv.com\/?p=40893","title":{"rendered":"Mu\u011fla\u2019da tarihi eser ve ruhsats\u0131z silah operasyonu"},"content":{"rendered":"<p>Mu\u011fla\u2019n\u0131n Ula il\u00e7esinde bir \u015fahs\u0131n ikametinde ger\u00e7ekle\u015ftirilen aramada, \u00e7ok say\u0131da tarihi eser niteli\u011finde obje ile ruhsats\u0131z silah ve m\u00fchimmat ele ge\u00e7irildi. Olayla ilgili adli i\u015flemlere ba\u015fland\u0131\u011f\u0131 bildirildi.<\/p>\n<p>Mu\u011fla \u0130l Jandarma Komutanl\u0131\u011f\u0131 ekipleri taraf\u0131ndan, Ula il\u00e7esi \u015eirink\u00f6y Mahallesi\u2019nde ikamet eden T.\u00d6. isimli \u015fahs\u0131n evinde yap\u0131lan aramada; 41 adet \u00e7e\u015fitli boy ve ebatlarda tarihi eser obje, 2 adet tarihi eser niteli\u011finde av t\u00fcfe\u011fi, 2 adet ruhsats\u0131z av t\u00fcfe\u011fi, 4 adet ruhsats\u0131z haval\u0131 t\u00fcfek, 3 adet kurus\u0131k\u0131 tabanca, 3 adet tabanca \u015farj\u00f6r\u00fc, 369 adet av t\u00fcfe\u011fi fi\u015fe\u011fi, 21 adet 7,65 mm \u00e7ap\u0131nda tabanca fi\u015fe\u011fi, 2 adet optik d\u00fcrb\u00fcn ele ge\u00e7irildi.<br \/>\n<br \/>Mu\u011fla Cumhuriyet Ba\u015fsavc\u0131l\u0131\u011f\u0131 koordinesinde y\u00fcr\u00fct\u00fclen \u00e7al\u0131\u015fmalar kapsam\u0131nda ele ge\u00e7irilen tarihi eser niteli\u011findeki objeler ve silahlarla ilgili adli i\u015flemlere ba\u015flan\u0131ld\u0131\u011f\u0131 bildirildi.<br \/><\/p>\n","protected":false},"excerpt":{"rendered":"<p>Mu\u011fla\u2019n\u0131n Ula il\u00e7esinde bir \u015fahs\u0131n ikametinde ger\u00e7ekle\u015ftirilen aramada, \u00e7ok say\u0131da tarihi eser niteli\u011finde obje ile ruhsats\u0131z silah ve m\u00fchimmat ele ge\u00e7irildi. Olayla ilgili adli i\u015flemlere ba\u015fland\u0131\u011f\u0131 bildirildi. Mu\u011fla \u0130l Jandarma Komutanl\u0131\u011f\u0131 ekipleri taraf\u0131ndan, Ula il\u00e7esi \u015eirink\u00f6y Mahallesi\u2019nde ikamet eden T.\u00d6. isimli \u015fahs\u0131n evinde yap\u0131lan aramada; 41 adet \u00e7e\u015fitli boy ve ebatlarda tarihi eser obje, 2&#8230;<\/p>\n","protected":false},"author":1,"featured_media":40894,"comment_status":"open","ping_status":"open","sticky":false,"template":"","format":"standard","meta":{"_crdt_document":"","footnotes":""},"categories":[5],"tags":[],"class_list":["post-40893","post","type-post","status-publish","format-standard","has-post-thumbnail","hentry","category-asayis"],"_links":{"self":[{"href":"https:\/\/www.egemtv.com\/index.php?rest_route=\/wp\/v2\/posts\/40893","targetHints":{"allow":["GET"]}}],"collection":[{"href":"https:\/\/www.egemtv.com\/index.php?rest_route=\/wp\/v2\/posts"}],"about":[{"href":"https:\/\/www.egemtv.com\/index.php?rest_route=\/wp\/v2\/types\/post"}],"author":[{"embeddable":true,"href":"https:\/\/www.egemtv.com\/index.php?rest_route=\/wp\/v2\/users\/1"}],"replies":[{"embeddable":true,"href":"https:\/\/www.egemtv.com\/index.php?rest_route=%2Fwp%2Fv2%2Fcomments&post=40893"}],"version-history":[{"count":1,"href":"https:\/\/www.egemtv.com\/index.php?rest_route=\/wp\/v2\/posts\/40893\/revisions"}],"predecessor-version":[{"id":40895,"href":"https:\/\/www.egemtv.com\/index.php?rest_route=\/wp\/v2\/posts\/40893\/revisions\/40895"}],"wp:featuredmedia":[{"embeddable":true,"href":"https:\/\/www.egemtv.com\/index.php?rest_route=\/wp\/v2\/media\/40894"}],"wp:attachment":[{"href":"https:\/\/www.egemtv.com\/index.php?rest_route=%2Fwp%2Fv2%2Fmedia&parent=40893"}],"wp:term":[{"taxonomy":"category","embeddable":true,"href":"https:\/\/www.egemtv.com\/index.php?rest_route=%2Fwp%2Fv2%2Fcategories&post=40893"},{"taxonomy":"post_tag","embeddable":true,"href":"https:\/\/www.egemtv.com\/index.php?rest_route=%2Fwp%2Fv2%2Ftags&post=40893"}],"curies":[{"name":"wp","href":"https:\/\/api.w.org\/{rel}","templated":true}]}}