{"id":40890,"date":"2025-07-09T12:36:03","date_gmt":"2025-07-09T09:36:03","guid":{"rendered":"https:\/\/www.egemtv.com\/?p=40890"},"modified":"2025-07-09T12:36:08","modified_gmt":"2025-07-09T09:36:08","slug":"gencler-aydinda-ucretsiz-konaklayacak","status":"publish","type":"post","link":"https:\/\/www.egemtv.com\/?p=40890","title":{"rendered":"Gen\u00e7ler, Ayd\u0131n\u2019da \u00fccretsiz konaklayacak"},"content":{"rendered":"<p>Gen\u00e7ler, Seyahatsever Projesi \u00e7er\u00e7evesinde Kredi Yurtlar Kurumu\u2019na (KYK) ait yurtlarda \u00fccretsiz konaklama imkan\u0131 bulurken, Pazartesi g\u00fcn\u00fc ba\u015flayan proje ile ilk etapta Ayd\u0131n\u2019a 14 ki\u015fi geldi.<\/p>\n<p>Ge\u00e7mi\u015finde bir\u00e7ok medeniyete ev sahipli\u011fi yapan Ayd\u0131n, \u00f6ren yerleri ve do\u011fal g\u00fczellikleri ile gen\u00e7 misafirlerini bekliyor. Gen\u00e7lik ve Spor Bakanl\u0131\u011f\u0131 taraf\u0131ndan \u00fclke genelinde hayata ge\u00e7irilen Seyahatsever Projesi ile gen\u00e7ler, Ayd\u0131n genelinde bulunan Gen\u00e7lik ve Spor \u0130l M\u00fcd\u00fcrl\u00fc\u011f\u00fc\u2019ne ba\u011fl\u0131 KYK yurtlar\u0131nda \u00fccretsiz olarak konaklayabilecek. Gen\u00e7lerin, yaz aylar\u0131n\u0131 etkin bir \u015fekilde hareket halinde ge\u00e7irmeleri amac\u0131yla hayata ge\u00e7irilen proje, 7 Temmuz Pazartesi g\u00fcn\u00fc ba\u015flarken 24 A\u011fustos tarihinde son bulacak.<\/p>\n<p>Tarihi ve do\u011fal g\u00fczelliklerinin yan\u0131 s\u0131ra deniziyle de cazibe merkezlerinden olan Ayd\u0131n, kap\u0131lar\u0131n\u0131 gen\u00e7 misafirlerine a\u00e7arken, Pazartesi itibariyle ba\u015flayan projeye gen\u00e7lerden ilgi yo\u011fun oldu. Ayd\u0131n Gen\u00e7lik ve Spor \u0130l M\u00fcd\u00fcrl\u00fc\u011f\u00fc b\u00fcnyesinde bulunan KYK yurtlar\u0131na projenin ba\u015flad\u0131\u011f\u0131 ilk g\u00fcnlerden bu yana \u00e7ok say\u0131da gen\u00e7 rezervasyon yapt\u0131r\u0131rken, ilk g\u00fcnde toplam 14 gen\u00e7 konaklamak i\u00e7in Ayd\u0131n\u2019\u0131 tercih etti.<br \/><\/p>\n","protected":false},"excerpt":{"rendered":"<p>Gen\u00e7ler, Seyahatsever Projesi \u00e7er\u00e7evesinde Kredi Yurtlar Kurumu\u2019na (KYK) ait yurtlarda \u00fccretsiz konaklama imkan\u0131 bulurken, Pazartesi g\u00fcn\u00fc ba\u015flayan proje ile ilk etapta Ayd\u0131n\u2019a 14 ki\u015fi geldi. Ge\u00e7mi\u015finde bir\u00e7ok medeniyete ev sahipli\u011fi yapan Ayd\u0131n, \u00f6ren yerleri ve do\u011fal g\u00fczellikleri ile gen\u00e7 misafirlerini bekliyor. Gen\u00e7lik ve Spor Bakanl\u0131\u011f\u0131 taraf\u0131ndan \u00fclke genelinde hayata ge\u00e7irilen Seyahatsever Projesi ile gen\u00e7ler, Ayd\u0131n&#8230;<\/p>\n","protected":false},"author":1,"featured_media":40891,"comment_status":"open","ping_status":"open","sticky":false,"template":"","format":"standard","meta":{"_crdt_document":"","footnotes":""},"categories":[1],"tags":[],"class_list":["post-40890","post","type-post","status-publish","format-standard","has-post-thumbnail","hentry","category-guncel"],"_links":{"self":[{"href":"https:\/\/www.egemtv.com\/index.php?rest_route=\/wp\/v2\/posts\/40890","targetHints":{"allow":["GET"]}}],"collection":[{"href":"https:\/\/www.egemtv.com\/index.php?rest_route=\/wp\/v2\/posts"}],"about":[{"href":"https:\/\/www.egemtv.com\/index.php?rest_route=\/wp\/v2\/types\/post"}],"author":[{"embeddable":true,"href":"https:\/\/www.egemtv.com\/index.php?rest_route=\/wp\/v2\/users\/1"}],"replies":[{"embeddable":true,"href":"https:\/\/www.egemtv.com\/index.php?rest_route=%2Fwp%2Fv2%2Fcomments&post=40890"}],"version-history":[{"count":1,"href":"https:\/\/www.egemtv.com\/index.php?rest_route=\/wp\/v2\/posts\/40890\/revisions"}],"predecessor-version":[{"id":40892,"href":"https:\/\/www.egemtv.com\/index.php?rest_route=\/wp\/v2\/posts\/40890\/revisions\/40892"}],"wp:featuredmedia":[{"embeddable":true,"href":"https:\/\/www.egemtv.com\/index.php?rest_route=\/wp\/v2\/media\/40891"}],"wp:attachment":[{"href":"https:\/\/www.egemtv.com\/index.php?rest_route=%2Fwp%2Fv2%2Fmedia&parent=40890"}],"wp:term":[{"taxonomy":"category","embeddable":true,"href":"https:\/\/www.egemtv.com\/index.php?rest_route=%2Fwp%2Fv2%2Fcategories&post=40890"},{"taxonomy":"post_tag","embeddable":true,"href":"https:\/\/www.egemtv.com\/index.php?rest_route=%2Fwp%2Fv2%2Ftags&post=40890"}],"curies":[{"name":"wp","href":"https:\/\/api.w.org\/{rel}","templated":true}]}}