{"id":40887,"date":"2025-07-09T12:35:58","date_gmt":"2025-07-09T09:35:58","guid":{"rendered":"https:\/\/www.egemtv.com\/?p=40887"},"modified":"2025-07-09T12:36:03","modified_gmt":"2025-07-09T09:36:03","slug":"gedizde-yangindan-etkilenen-alanlar-tespit-edildi","status":"publish","type":"post","link":"https:\/\/www.egemtv.com\/?p=40887","title":{"rendered":"Gediz\u2019de yang\u0131ndan etkilenen alanlar tespit edildi"},"content":{"rendered":"<p>K\u00fctahya\u2019n\u0131n Gediz il\u00e7esinde \u00f6nceki g\u00fcn meydana gelen orman yang\u0131n\u0131ndan etkilenen alanlar\u0131n tespitinin yap\u0131ld\u0131\u011f\u0131 bildirildi.<br \/>\n<br \/>Gediz \u0130l\u00e7e Tar\u0131m ve Orman M\u00fcd\u00fcrl\u00fc\u011f\u00fc teknik personeli taraf\u0131ndan, 2 Temmuz 2025 tarihinde meydana gelen Hamzabey yang\u0131n\u0131ndan etkilenen alanlar\u0131n tespiti, drone destekli \u00e7al\u0131\u015fmalar ve \u00e7ift\u00e7i beyanlar\u0131 ile ger\u00e7ekle\u015ftirildi.<br \/><\/p>\n","protected":false},"excerpt":{"rendered":"<p>K\u00fctahya\u2019n\u0131n Gediz il\u00e7esinde \u00f6nceki g\u00fcn meydana gelen orman yang\u0131n\u0131ndan etkilenen alanlar\u0131n tespitinin yap\u0131ld\u0131\u011f\u0131 bildirildi. Gediz \u0130l\u00e7e Tar\u0131m ve Orman M\u00fcd\u00fcrl\u00fc\u011f\u00fc teknik personeli taraf\u0131ndan, 2 Temmuz 2025 tarihinde meydana gelen Hamzabey yang\u0131n\u0131ndan etkilenen alanlar\u0131n tespiti, drone destekli \u00e7al\u0131\u015fmalar ve \u00e7ift\u00e7i beyanlar\u0131 ile ger\u00e7ekle\u015ftirildi.<\/p>\n","protected":false},"author":1,"featured_media":40888,"comment_status":"open","ping_status":"open","sticky":false,"template":"","format":"standard","meta":{"_crdt_document":"","footnotes":""},"categories":[1],"tags":[],"class_list":["post-40887","post","type-post","status-publish","format-standard","has-post-thumbnail","hentry","category-guncel"],"_links":{"self":[{"href":"https:\/\/www.egemtv.com\/index.php?rest_route=\/wp\/v2\/posts\/40887","targetHints":{"allow":["GET"]}}],"collection":[{"href":"https:\/\/www.egemtv.com\/index.php?rest_route=\/wp\/v2\/posts"}],"about":[{"href":"https:\/\/www.egemtv.com\/index.php?rest_route=\/wp\/v2\/types\/post"}],"author":[{"embeddable":true,"href":"https:\/\/www.egemtv.com\/index.php?rest_route=\/wp\/v2\/users\/1"}],"replies":[{"embeddable":true,"href":"https:\/\/www.egemtv.com\/index.php?rest_route=%2Fwp%2Fv2%2Fcomments&post=40887"}],"version-history":[{"count":1,"href":"https:\/\/www.egemtv.com\/index.php?rest_route=\/wp\/v2\/posts\/40887\/revisions"}],"predecessor-version":[{"id":40889,"href":"https:\/\/www.egemtv.com\/index.php?rest_route=\/wp\/v2\/posts\/40887\/revisions\/40889"}],"wp:featuredmedia":[{"embeddable":true,"href":"https:\/\/www.egemtv.com\/index.php?rest_route=\/wp\/v2\/media\/40888"}],"wp:attachment":[{"href":"https:\/\/www.egemtv.com\/index.php?rest_route=%2Fwp%2Fv2%2Fmedia&parent=40887"}],"wp:term":[{"taxonomy":"category","embeddable":true,"href":"https:\/\/www.egemtv.com\/index.php?rest_route=%2Fwp%2Fv2%2Fcategories&post=40887"},{"taxonomy":"post_tag","embeddable":true,"href":"https:\/\/www.egemtv.com\/index.php?rest_route=%2Fwp%2Fv2%2Ftags&post=40887"}],"curies":[{"name":"wp","href":"https:\/\/api.w.org\/{rel}","templated":true}]}}