{"id":40884,"date":"2025-07-09T12:35:53","date_gmt":"2025-07-09T09:35:53","guid":{"rendered":"https:\/\/www.egemtv.com\/?p=40884"},"modified":"2025-07-09T12:35:58","modified_gmt":"2025-07-09T09:35:58","slug":"aydin-fen-lisesi-turkiye-birincisi-oldu","status":"publish","type":"post","link":"https:\/\/www.egemtv.com\/?p=40884","title":{"rendered":"Ayd\u0131n Fen Lisesi, T\u00fcrkiye birincisi oldu"},"content":{"rendered":"<p>Lise \u00d6\u011frencileri Kutup Ara\u015ft\u0131rma Projeleri Final Yar\u0131\u015fmas\u0131\u2019na y\u00fckselen Ayd\u0131n Fen Lisesi, Fiziki Bilimler alan\u0131nda T\u00fcrkiye birincisi oldu.<\/p>\n<p>\u00d6\u011frencilerde ara\u015ft\u0131rma ruhunu geli\u015ftirmek ve kutup bilimleri konusunda \u00e7al\u0131\u015fmalar yapmaya te\u015fvik etmek amac\u0131yla ger\u00e7ekle\u015ftirilen 2204C Kutup Ara\u015ft\u0131rmalar\u0131 Proje Yar\u0131\u015fmas\u0131\u2019nda T\u00fcrkiye finalini kazanan projeler belli oldu. Ayd\u0131n Fen Lisesi \u00f6\u011frencileri Efe A\u011flamazlar ve Sel\u00e7uk Emre \u00c7olak ile co\u011frafya \u00f6\u011fretmeni Emine Tiri\u00e7 dan\u0131\u015fmanl\u0131\u011f\u0131nda geli\u015ftirdi\u011fi &#8220;Katabatik R\u00fczgarlara Dayan\u0131kl\u0131 R\u00fczgar T\u00fcrbini&#8221; isimli ara\u015ft\u0131rma projesi ise T\u00fcrkiye finallerindeki performans\u0131yla Ayd\u0131n\u2019\u0131 gururland\u0131rd\u0131. ASELSAN-CZR tak\u0131m\u0131, &#8220;Katabatik R\u00fczgarlara Dayan\u0131kl\u0131 R\u00fczgar T\u00fcrbini&#8221; tasar\u0131m\u0131 projesiyle, 2204C Lise \u00d6\u011frencileri Kutup Ara\u015ft\u0131rma Projeleri Final Yar\u0131\u015fmas\u0131 Fiziki Bilimler alan\u0131nda T\u00fcrkiye birincisi oldu. Ayd\u0131n Fen Lisesi\u2019nin ba\u015far\u0131l\u0131 projesi ayr\u0131ca TEKNOFEST 2025 sergisine davet edildi. 17-21 Eyl\u00fcl 2025 tarihlerinde \u0130stanbul\u2019da d\u00fczenlenecek TEKNOFEST 2025\u2019te \u00f6\u011frencilere \u00f6d\u00fclleri ise Cumhurba\u015fkan\u0131 Recep Tayyip Erdo\u011fan taraf\u0131ndan takdim edilecek.<\/p>\n<p>Ba\u015far\u0131lar\u0131ndan dolay\u0131 \u00f6\u011frencileri tebrik eden Efeler \u0130l\u00e7e Milli E\u011fitim M\u00fcd\u00fcr\u00fc Hakan \u00d6zcan; &#8220;ASELSAN-CZR tak\u0131m\u0131m\u0131z\u0131n 2204C Final Yar\u0131\u015fmas\u0131\u2019nda elde etti\u011fi T\u00fcrkiye birincili\u011fi, azim, emek ve nitelikli rehberli\u011fin somut bir g\u00f6stergesidir. Ba\u015fta \u00f6\u011frencilerimiz Efe A\u011flamazlar ve Sel\u00e7uk Emre \u00c7olak olmak \u00fczere, proje dan\u0131\u015fmanl\u0131\u011f\u0131yla bu ba\u015far\u0131ya y\u00f6n veren Emine Tiri\u00e7 \u00f6\u011fretmenimizi ve katk\u0131 sa\u011flayan t\u00fcm payda\u015flar\u0131m\u0131z\u0131 g\u00f6n\u00fclden tebrik ediyorum. TEKNOFEST\u2019te de ayn\u0131 ba\u015far\u0131 ivmesiyle bizleri temsil edeceklerine olan inanc\u0131m tam&#8221; dedi.<br \/><\/p>\n","protected":false},"excerpt":{"rendered":"<p>Lise \u00d6\u011frencileri Kutup Ara\u015ft\u0131rma Projeleri Final Yar\u0131\u015fmas\u0131\u2019na y\u00fckselen Ayd\u0131n Fen Lisesi, Fiziki Bilimler alan\u0131nda T\u00fcrkiye birincisi oldu. \u00d6\u011frencilerde ara\u015ft\u0131rma ruhunu geli\u015ftirmek ve kutup bilimleri konusunda \u00e7al\u0131\u015fmalar yapmaya te\u015fvik etmek amac\u0131yla ger\u00e7ekle\u015ftirilen 2204C Kutup Ara\u015ft\u0131rmalar\u0131 Proje Yar\u0131\u015fmas\u0131\u2019nda T\u00fcrkiye finalini kazanan projeler belli oldu. Ayd\u0131n Fen Lisesi \u00f6\u011frencileri Efe A\u011flamazlar ve Sel\u00e7uk Emre \u00c7olak ile co\u011frafya \u00f6\u011fretmeni&#8230;<\/p>\n","protected":false},"author":1,"featured_media":40885,"comment_status":"open","ping_status":"open","sticky":false,"template":"","format":"standard","meta":{"_crdt_document":"","footnotes":""},"categories":[1],"tags":[],"class_list":["post-40884","post","type-post","status-publish","format-standard","has-post-thumbnail","hentry","category-guncel"],"_links":{"self":[{"href":"https:\/\/www.egemtv.com\/index.php?rest_route=\/wp\/v2\/posts\/40884","targetHints":{"allow":["GET"]}}],"collection":[{"href":"https:\/\/www.egemtv.com\/index.php?rest_route=\/wp\/v2\/posts"}],"about":[{"href":"https:\/\/www.egemtv.com\/index.php?rest_route=\/wp\/v2\/types\/post"}],"author":[{"embeddable":true,"href":"https:\/\/www.egemtv.com\/index.php?rest_route=\/wp\/v2\/users\/1"}],"replies":[{"embeddable":true,"href":"https:\/\/www.egemtv.com\/index.php?rest_route=%2Fwp%2Fv2%2Fcomments&post=40884"}],"version-history":[{"count":1,"href":"https:\/\/www.egemtv.com\/index.php?rest_route=\/wp\/v2\/posts\/40884\/revisions"}],"predecessor-version":[{"id":40886,"href":"https:\/\/www.egemtv.com\/index.php?rest_route=\/wp\/v2\/posts\/40884\/revisions\/40886"}],"wp:featuredmedia":[{"embeddable":true,"href":"https:\/\/www.egemtv.com\/index.php?rest_route=\/wp\/v2\/media\/40885"}],"wp:attachment":[{"href":"https:\/\/www.egemtv.com\/index.php?rest_route=%2Fwp%2Fv2%2Fmedia&parent=40884"}],"wp:term":[{"taxonomy":"category","embeddable":true,"href":"https:\/\/www.egemtv.com\/index.php?rest_route=%2Fwp%2Fv2%2Fcategories&post=40884"},{"taxonomy":"post_tag","embeddable":true,"href":"https:\/\/www.egemtv.com\/index.php?rest_route=%2Fwp%2Fv2%2Ftags&post=40884"}],"curies":[{"name":"wp","href":"https:\/\/api.w.org\/{rel}","templated":true}]}}