{"id":40878,"date":"2025-07-09T12:16:08","date_gmt":"2025-07-09T09:16:08","guid":{"rendered":"https:\/\/www.egemtv.com\/?p=40878"},"modified":"2025-07-09T12:16:14","modified_gmt":"2025-07-09T09:16:14","slug":"kutahyada-ciftcilere-2025-yili-cks-aski-icmalleri-dagitildi","status":"publish","type":"post","link":"https:\/\/www.egemtv.com\/?p=40878","title":{"rendered":"K\u00fctahya\u2019da \u00e7ift\u00e7ilere 2025 y\u0131l\u0131 \u00c7KS ask\u0131 icmalleri da\u011f\u0131t\u0131ld\u0131"},"content":{"rendered":"<p>K\u00fctahya\u2019da 2025 y\u0131l\u0131 \u00c7ift\u00e7i Kay\u0131t Sistemi (\u00c7KS) \u00e7ift\u00e7i detay\u0131 ask\u0131 icmallerinin da\u011f\u0131t\u0131ld\u0131\u011f\u0131 bildirildi.<br \/>\n<br \/>\u0130l Tar\u0131m ve Orman M\u00fcd\u00fcrl\u00fc\u011f\u00fc personelleri taraf\u0131ndan 2025 y\u0131l\u0131 \u00c7ift\u00e7i Kay\u0131t Sistemi (\u00c7KS) \u00e7er\u00e7evesinde, taahh\u00fctname ile bildirilen arazilere ait hissedar s\u00f6zle\u015fme (taahh\u00fctname) bilgilerini i\u00e7eren \u00e7ift\u00e7i detay\u0131 ask\u0131 icmallerinin il da\u011f\u0131t\u0131m\u0131 ger\u00e7ekle\u015ftirildi.<br \/>\n<br \/>\u0130l Tar\u0131m ve Orman M\u00fcd\u00fcrl\u00fc\u011f\u00fc yetkilileri, \u00fcreticilerin ask\u0131 s\u00fcresi boyunca bilgilerini kontrol etmelerinin \u00f6nem arz etti\u011fini belirttiler.<br \/><\/p>\n","protected":false},"excerpt":{"rendered":"<p>K\u00fctahya\u2019da 2025 y\u0131l\u0131 \u00c7ift\u00e7i Kay\u0131t Sistemi (\u00c7KS) \u00e7ift\u00e7i detay\u0131 ask\u0131 icmallerinin da\u011f\u0131t\u0131ld\u0131\u011f\u0131 bildirildi. \u0130l Tar\u0131m ve Orman M\u00fcd\u00fcrl\u00fc\u011f\u00fc personelleri taraf\u0131ndan 2025 y\u0131l\u0131 \u00c7ift\u00e7i Kay\u0131t Sistemi (\u00c7KS) \u00e7er\u00e7evesinde, taahh\u00fctname ile bildirilen arazilere ait hissedar s\u00f6zle\u015fme (taahh\u00fctname) bilgilerini i\u00e7eren \u00e7ift\u00e7i detay\u0131 ask\u0131 icmallerinin il da\u011f\u0131t\u0131m\u0131 ger\u00e7ekle\u015ftirildi. \u0130l Tar\u0131m ve Orman M\u00fcd\u00fcrl\u00fc\u011f\u00fc yetkilileri, \u00fcreticilerin ask\u0131 s\u00fcresi boyunca bilgilerini&#8230;<\/p>\n","protected":false},"author":1,"featured_media":40879,"comment_status":"open","ping_status":"open","sticky":false,"template":"","format":"standard","meta":{"_crdt_document":"","footnotes":""},"categories":[125],"tags":[],"class_list":["post-40878","post","type-post","status-publish","format-standard","has-post-thumbnail","hentry","category-ekonomi"],"_links":{"self":[{"href":"https:\/\/www.egemtv.com\/index.php?rest_route=\/wp\/v2\/posts\/40878","targetHints":{"allow":["GET"]}}],"collection":[{"href":"https:\/\/www.egemtv.com\/index.php?rest_route=\/wp\/v2\/posts"}],"about":[{"href":"https:\/\/www.egemtv.com\/index.php?rest_route=\/wp\/v2\/types\/post"}],"author":[{"embeddable":true,"href":"https:\/\/www.egemtv.com\/index.php?rest_route=\/wp\/v2\/users\/1"}],"replies":[{"embeddable":true,"href":"https:\/\/www.egemtv.com\/index.php?rest_route=%2Fwp%2Fv2%2Fcomments&post=40878"}],"version-history":[{"count":1,"href":"https:\/\/www.egemtv.com\/index.php?rest_route=\/wp\/v2\/posts\/40878\/revisions"}],"predecessor-version":[{"id":40880,"href":"https:\/\/www.egemtv.com\/index.php?rest_route=\/wp\/v2\/posts\/40878\/revisions\/40880"}],"wp:featuredmedia":[{"embeddable":true,"href":"https:\/\/www.egemtv.com\/index.php?rest_route=\/wp\/v2\/media\/40879"}],"wp:attachment":[{"href":"https:\/\/www.egemtv.com\/index.php?rest_route=%2Fwp%2Fv2%2Fmedia&parent=40878"}],"wp:term":[{"taxonomy":"category","embeddable":true,"href":"https:\/\/www.egemtv.com\/index.php?rest_route=%2Fwp%2Fv2%2Fcategories&post=40878"},{"taxonomy":"post_tag","embeddable":true,"href":"https:\/\/www.egemtv.com\/index.php?rest_route=%2Fwp%2Fv2%2Ftags&post=40878"}],"curies":[{"name":"wp","href":"https:\/\/api.w.org\/{rel}","templated":true}]}}