{"id":40875,"date":"2025-07-09T12:16:04","date_gmt":"2025-07-09T09:16:04","guid":{"rendered":"https:\/\/www.egemtv.com\/?p=40875"},"modified":"2025-07-09T12:16:08","modified_gmt":"2025-07-09T09:16:08","slug":"altintasta-bicerdover-hasat-kontrolleri","status":"publish","type":"post","link":"https:\/\/www.egemtv.com\/?p=40875","title":{"rendered":"Alt\u0131nta\u015f\u2019ta bi\u00e7erd\u00f6ver hasat kontrolleri"},"content":{"rendered":"<p>Alt\u0131nta\u015f \u0130l\u00e7e Tar\u0131m ve Orman M\u00fcd\u00fcrl\u00fc\u011f\u00fc ekipleri bi\u00e7erd\u00f6ver hasat kontrolleri ger\u00e7ekle\u015ftirildi.<br \/>\n<br \/>\u0130l\u00e7e Tar\u0131m ve Orman M\u00fcd\u00fcrl\u00fc\u011f\u00fc teknik personelince Alt\u0131nta\u015f, Pusan, Ayk\u0131r\u0131k\u00e7\u0131 ve Kuyucak k\u00f6ylerinde yap\u0131lan bi\u00e7erd\u00f6ver hasat kontrollerinde \u00f6zellikle en az 2 adet yang\u0131n s\u00f6nd\u00fcrme t\u00fcp\u00fc ve su tankeri bulundurulmas\u0131 konusunda uyar\u0131 ve bilgilendirmeler yap\u0131ld\u0131.<br \/>\n<br \/>\u0130l\u00e7e Tar\u0131m ve Orman M\u00fcd\u00fcrl\u00fc\u011f\u00fc yetkililerince, hasat sezonunun g\u00fcvenli ve verimli ge\u00e7mesi i\u00e7in t\u00fcm \u00fcreticilerin gerekli tedbirleri almas\u0131n\u0131n b\u00fcy\u00fck \u00f6nem ta\u015f\u0131d\u0131\u011f\u0131 belirtildi.<br \/><\/p>\n","protected":false},"excerpt":{"rendered":"<p>Alt\u0131nta\u015f \u0130l\u00e7e Tar\u0131m ve Orman M\u00fcd\u00fcrl\u00fc\u011f\u00fc ekipleri bi\u00e7erd\u00f6ver hasat kontrolleri ger\u00e7ekle\u015ftirildi. \u0130l\u00e7e Tar\u0131m ve Orman M\u00fcd\u00fcrl\u00fc\u011f\u00fc teknik personelince Alt\u0131nta\u015f, Pusan, Ayk\u0131r\u0131k\u00e7\u0131 ve Kuyucak k\u00f6ylerinde yap\u0131lan bi\u00e7erd\u00f6ver hasat kontrollerinde \u00f6zellikle en az 2 adet yang\u0131n s\u00f6nd\u00fcrme t\u00fcp\u00fc ve su tankeri bulundurulmas\u0131 konusunda uyar\u0131 ve bilgilendirmeler yap\u0131ld\u0131. \u0130l\u00e7e Tar\u0131m ve Orman M\u00fcd\u00fcrl\u00fc\u011f\u00fc yetkililerince, hasat sezonunun g\u00fcvenli ve&#8230;<\/p>\n","protected":false},"author":1,"featured_media":40876,"comment_status":"open","ping_status":"open","sticky":false,"template":"","format":"standard","meta":{"_crdt_document":"","footnotes":""},"categories":[125],"tags":[],"class_list":["post-40875","post","type-post","status-publish","format-standard","has-post-thumbnail","hentry","category-ekonomi"],"_links":{"self":[{"href":"https:\/\/www.egemtv.com\/index.php?rest_route=\/wp\/v2\/posts\/40875","targetHints":{"allow":["GET"]}}],"collection":[{"href":"https:\/\/www.egemtv.com\/index.php?rest_route=\/wp\/v2\/posts"}],"about":[{"href":"https:\/\/www.egemtv.com\/index.php?rest_route=\/wp\/v2\/types\/post"}],"author":[{"embeddable":true,"href":"https:\/\/www.egemtv.com\/index.php?rest_route=\/wp\/v2\/users\/1"}],"replies":[{"embeddable":true,"href":"https:\/\/www.egemtv.com\/index.php?rest_route=%2Fwp%2Fv2%2Fcomments&post=40875"}],"version-history":[{"count":1,"href":"https:\/\/www.egemtv.com\/index.php?rest_route=\/wp\/v2\/posts\/40875\/revisions"}],"predecessor-version":[{"id":40877,"href":"https:\/\/www.egemtv.com\/index.php?rest_route=\/wp\/v2\/posts\/40875\/revisions\/40877"}],"wp:featuredmedia":[{"embeddable":true,"href":"https:\/\/www.egemtv.com\/index.php?rest_route=\/wp\/v2\/media\/40876"}],"wp:attachment":[{"href":"https:\/\/www.egemtv.com\/index.php?rest_route=%2Fwp%2Fv2%2Fmedia&parent=40875"}],"wp:term":[{"taxonomy":"category","embeddable":true,"href":"https:\/\/www.egemtv.com\/index.php?rest_route=%2Fwp%2Fv2%2Fcategories&post=40875"},{"taxonomy":"post_tag","embeddable":true,"href":"https:\/\/www.egemtv.com\/index.php?rest_route=%2Fwp%2Fv2%2Ftags&post=40875"}],"curies":[{"name":"wp","href":"https:\/\/api.w.org\/{rel}","templated":true}]}}