{"id":40872,"date":"2025-07-09T12:15:59","date_gmt":"2025-07-09T09:15:59","guid":{"rendered":"https:\/\/www.egemtv.com\/?p=40872"},"modified":"2025-07-09T12:16:04","modified_gmt":"2025-07-09T09:16:04","slug":"tavsanlida-erdemspor-junior-cup-futbol-soleni-buyuk-ilgi-gordu","status":"publish","type":"post","link":"https:\/\/www.egemtv.com\/?p=40872","title":{"rendered":"Tav\u015fanl\u0131\u2019da Erdemspor Junior cup futbol \u015f\u00f6leni b\u00fcy\u00fck ilgi g\u00f6rd\u00fc"},"content":{"rendered":"<p>K\u00fctahya\u2019n\u0131n Tav\u015fanl\u0131 il\u00e7esi, yedinci kez d\u00fczenlenen Geleneksel Erdemspor Junior Cup &#8220;Nejat T\u00fclek&#8221; Miniminikler Futbol \u015e\u00f6leni\u2019ne ev sahipli\u011fi yapt\u0131.<br \/>\n<br \/>Erdemspor taraf\u0131ndan organize edilen ve minik futbolcular\u0131n yeteneklerini sergiledi\u011fi bu anlaml\u0131 \u015f\u00f6len, il\u00e7e protokol\u00fcnden ve vatanda\u015flardan yo\u011fun ilgi g\u00f6rd\u00fc. \u015e\u00f6lene, Tav\u015fanl\u0131 Belediye Ba\u015fkan Yard\u0131mc\u0131s\u0131 Aziz Solmaz, \u0130l\u00e7e Emniyet M\u00fcd\u00fcr\u00fc G\u00fcven T\u00fcrkmen, Gen\u00e7lik ve Spor \u0130l\u00e7e M\u00fcd\u00fcr\u00fc Mustafa Sert, \u0130l\u00e7e Milli E\u011fitim M\u00fcd\u00fcr\u00fc Ra\u015fit Refik K\u00fc\u00e7\u00fckka\u011fn\u0131c\u0131\u2019n\u0131n yan\u0131 s\u0131ra siyasi parti temsilcileri ve di\u011fer protokol \u00fcyeleri kat\u0131l\u0131m g\u00f6sterdi. Minik futbolcular\u0131n heyecan\u0131na ortak olan protokol \u00fcyeleri, gelece\u011fin sporcular\u0131na desteklerini dile getirdi.<br \/>\n<br \/>Erdemspor\u2019un geleneksel hale getirdi\u011fi bu organizasyon, gen\u00e7 yeteneklerin sporla i\u00e7 i\u00e7e b\u00fcy\u00fcmesine katk\u0131da bulunurken, ayn\u0131 zamanda sporun birle\u015ftirici g\u00fcc\u00fcn\u00fc de g\u00f6zler \u00f6n\u00fcne serdi. Ya\u015fayan efsane &#8220;Nejat T\u00fclek&#8221; ad\u0131na d\u00fczenlenen \u015f\u00f6len, spor camias\u0131nda ve il\u00e7e halk\u0131 aras\u0131nda takdirle kar\u015f\u0131land\u0131. Miniklerin sahadaki enerjisi ve futbol sevgisi, etkinli\u011fe kat\u0131lan herkesin y\u00fcz\u00fcn\u00fc g\u00fcld\u00fcrd\u00fc.<br \/><\/p>\n","protected":false},"excerpt":{"rendered":"<p>K\u00fctahya\u2019n\u0131n Tav\u015fanl\u0131 il\u00e7esi, yedinci kez d\u00fczenlenen Geleneksel Erdemspor Junior Cup &#8220;Nejat T\u00fclek&#8221; Miniminikler Futbol \u015e\u00f6leni\u2019ne ev sahipli\u011fi yapt\u0131. Erdemspor taraf\u0131ndan organize edilen ve minik futbolcular\u0131n yeteneklerini sergiledi\u011fi bu anlaml\u0131 \u015f\u00f6len, il\u00e7e protokol\u00fcnden ve vatanda\u015flardan yo\u011fun ilgi g\u00f6rd\u00fc. \u015e\u00f6lene, Tav\u015fanl\u0131 Belediye Ba\u015fkan Yard\u0131mc\u0131s\u0131 Aziz Solmaz, \u0130l\u00e7e Emniyet M\u00fcd\u00fcr\u00fc G\u00fcven T\u00fcrkmen, Gen\u00e7lik ve Spor \u0130l\u00e7e M\u00fcd\u00fcr\u00fc Mustafa&#8230;<\/p>\n","protected":false},"author":1,"featured_media":40873,"comment_status":"open","ping_status":"open","sticky":false,"template":"","format":"standard","meta":{"_crdt_document":"","footnotes":""},"categories":[4],"tags":[],"class_list":["post-40872","post","type-post","status-publish","format-standard","has-post-thumbnail","hentry","category-spor"],"_links":{"self":[{"href":"https:\/\/www.egemtv.com\/index.php?rest_route=\/wp\/v2\/posts\/40872","targetHints":{"allow":["GET"]}}],"collection":[{"href":"https:\/\/www.egemtv.com\/index.php?rest_route=\/wp\/v2\/posts"}],"about":[{"href":"https:\/\/www.egemtv.com\/index.php?rest_route=\/wp\/v2\/types\/post"}],"author":[{"embeddable":true,"href":"https:\/\/www.egemtv.com\/index.php?rest_route=\/wp\/v2\/users\/1"}],"replies":[{"embeddable":true,"href":"https:\/\/www.egemtv.com\/index.php?rest_route=%2Fwp%2Fv2%2Fcomments&post=40872"}],"version-history":[{"count":1,"href":"https:\/\/www.egemtv.com\/index.php?rest_route=\/wp\/v2\/posts\/40872\/revisions"}],"predecessor-version":[{"id":40874,"href":"https:\/\/www.egemtv.com\/index.php?rest_route=\/wp\/v2\/posts\/40872\/revisions\/40874"}],"wp:featuredmedia":[{"embeddable":true,"href":"https:\/\/www.egemtv.com\/index.php?rest_route=\/wp\/v2\/media\/40873"}],"wp:attachment":[{"href":"https:\/\/www.egemtv.com\/index.php?rest_route=%2Fwp%2Fv2%2Fmedia&parent=40872"}],"wp:term":[{"taxonomy":"category","embeddable":true,"href":"https:\/\/www.egemtv.com\/index.php?rest_route=%2Fwp%2Fv2%2Fcategories&post=40872"},{"taxonomy":"post_tag","embeddable":true,"href":"https:\/\/www.egemtv.com\/index.php?rest_route=%2Fwp%2Fv2%2Ftags&post=40872"}],"curies":[{"name":"wp","href":"https:\/\/api.w.org\/{rel}","templated":true}]}}