{"id":40815,"date":"2025-07-09T10:16:42","date_gmt":"2025-07-09T07:16:42","guid":{"rendered":"https:\/\/www.egemtv.com\/?p=40815"},"modified":"2025-07-09T10:16:46","modified_gmt":"2025-07-09T07:16:46","slug":"is-dunyasinin-patronlari-denizli-ekonomisini-konustu","status":"publish","type":"post","link":"https:\/\/www.egemtv.com\/?p=40815","title":{"rendered":"\u0130\u015f d\u00fcnyas\u0131n\u0131n patronlar\u0131 Denizli ekonomisini konu\u015ftu"},"content":{"rendered":"<p>Pamukkale \u00dcniversitesi taraf\u0131ndan d\u00fczenlenen Uluslararas\u0131 Ekonomi Yaz Seminerlerinin (EYS) ikinci g\u00fcn\u00fcnde &#8220;Denizli Ekonomisi Paneli&#8221; ile ekonomi, bilim ve yerel akt\u00f6rler bir araya geldi.<\/p>\n<p>Denizli Valimiz \u00d6mer Faruk Co\u015fkun\u2019un te\u015frifleriyle ba\u015flayan &#8220;Denizli Ekonomisi Paneli&#8221; \u00fcniversite, kamu ve sanayi temsilcilerini ayn\u0131 platformda bulu\u015fturdu. Program\u0131n a\u00e7\u0131l\u0131\u015f konu\u015fmas\u0131n\u0131 Rekt\u00f6r Prof. Dr. Mahmud G\u00fcng\u00f6r ger\u00e7ekle\u015ftirdi.<\/p>\n<p>Rekt\u00f6r Prof. Dr. Mahmud G\u00fcng\u00f6r, yapt\u0131\u011f\u0131 konu\u015fmada \u015funlar\u0131 kaydetti: &#8220;23 y\u0131ll\u0131k Ekonomi Yaz Seminerleri gelene\u011fimizi bu y\u0131l Denizli ekonomisine odaklayarak s\u00fcrd\u00fcr\u00fcyoruz. Yerelden kalk\u0131nmaya katk\u0131 sunan, \u00fcretimle bilgiyi birle\u015ftiren g\u00fc\u00e7l\u00fc bir vizyonla hareket ediyoruz. Sanayi, tar\u0131m ve ihracatta g\u00fc\u00e7l\u00fc bir merkez olan Denizli\u2019de, \u00fcniversite-sanayi i\u015f birli\u011fini yaln\u0131zca s\u00f6ylemde de\u011fil somut projelerle hayata ge\u00e7iriyoruz. Teknokent\u2019ten sahaya yay\u0131lan bu i\u015f birli\u011fi modelimiz d\u00f6n\u00fc\u015f\u00fcm olu\u015fturuluyor. Bu i\u015f birli\u011fi ayn\u0131 zamanda \u00fcretimde verimlilik, \u00f6\u011frenciler i\u00e7in uygulamal\u0131 e\u011fitim, akademisyenler i\u00e7in proje deneyimi demektir. Hem \u00fcniversitemizin akademik niteli\u011fine hem de \u015fehrimizin kalk\u0131nmas\u0131na \u00e7ift y\u00f6nl\u00fc katk\u0131 sa\u011flamaktad\u0131r&#8221;<\/p>\n<p>Moderat\u00f6rl\u00fc\u011f\u00fcn\u00fc Rekt\u00f6r Yard\u0131mc\u0131s\u0131 Prof. Dr. Ersan \u00d6z\u2019\u00fcn \u00fcstlendi\u011fi panelde, Denizli\u2019nin ekonomik potansiyeli, sekt\u00f6rlerin g\u00fcncel sorunlar\u0131 ve \u00fcniversite ile geli\u015ftirilebilecek i\u015f birli\u011fi f\u0131rsatlar\u0131 \u00e7ok y\u00f6nl\u00fc olarak ele al\u0131nd\u0131.<br \/>\n<br \/>Panelde, Denizli Sanayi Odas\u0131 (DSO) Ba\u015fkan\u0131 Selim Kasapo\u011flu, Denizli Ticaret Odas\u0131 Ba\u015fkan\u0131 (DTO) U\u011fur Erdo\u011fan, Denizli \u0130hracat\u00e7\u0131lar Birli\u011fi (DEN\u0130B) Ba\u015fkan\u0131 H\u00fcseyin Memi\u015fo\u011flu, Denizli Organize Sanayi B\u00f6lgesi (OSB) Ba\u015fkan\u0131 Derya Baltal\u0131, Denizli Odalar ve Borsalar Birli\u011fi (TOBB) Ba\u015fkan\u0131 \u0130brahim Tefenlili ve G\u00fcney Ege Kalk\u0131nma Ajans\u0131 (GEKA) Genel Sekreteri \u00dcmit G\u00fclya\u011f\u0131 de\u011ferlendirmelerde bulundu.<br \/>\n<br \/>Panelin sonunda, katk\u0131lar\u0131yla oturuma de\u011fer katan konu\u015fmac\u0131lara plaketleri, Denizli Valisi \u00d6mer Faruk Co\u015fkun ve Rekt\u00f6r Prof. Dr. Mahmud G\u00fcng\u00f6r taraf\u0131ndan takdim edildi.<br \/><\/p>\n","protected":false},"excerpt":{"rendered":"<p>Pamukkale \u00dcniversitesi taraf\u0131ndan d\u00fczenlenen Uluslararas\u0131 Ekonomi Yaz Seminerlerinin (EYS) ikinci g\u00fcn\u00fcnde &#8220;Denizli Ekonomisi Paneli&#8221; ile ekonomi, bilim ve yerel akt\u00f6rler bir araya geldi. Denizli Valimiz \u00d6mer Faruk Co\u015fkun\u2019un te\u015frifleriyle ba\u015flayan &#8220;Denizli Ekonomisi Paneli&#8221; \u00fcniversite, kamu ve sanayi temsilcilerini ayn\u0131 platformda bulu\u015fturdu. Program\u0131n a\u00e7\u0131l\u0131\u015f konu\u015fmas\u0131n\u0131 Rekt\u00f6r Prof. Dr. Mahmud G\u00fcng\u00f6r ger\u00e7ekle\u015ftirdi. Rekt\u00f6r Prof. Dr. Mahmud G\u00fcng\u00f6r,&#8230;<\/p>\n","protected":false},"author":1,"featured_media":40816,"comment_status":"open","ping_status":"open","sticky":false,"template":"","format":"standard","meta":{"_crdt_document":"","footnotes":""},"categories":[125],"tags":[],"class_list":["post-40815","post","type-post","status-publish","format-standard","has-post-thumbnail","hentry","category-ekonomi"],"_links":{"self":[{"href":"https:\/\/www.egemtv.com\/index.php?rest_route=\/wp\/v2\/posts\/40815","targetHints":{"allow":["GET"]}}],"collection":[{"href":"https:\/\/www.egemtv.com\/index.php?rest_route=\/wp\/v2\/posts"}],"about":[{"href":"https:\/\/www.egemtv.com\/index.php?rest_route=\/wp\/v2\/types\/post"}],"author":[{"embeddable":true,"href":"https:\/\/www.egemtv.com\/index.php?rest_route=\/wp\/v2\/users\/1"}],"replies":[{"embeddable":true,"href":"https:\/\/www.egemtv.com\/index.php?rest_route=%2Fwp%2Fv2%2Fcomments&post=40815"}],"version-history":[{"count":1,"href":"https:\/\/www.egemtv.com\/index.php?rest_route=\/wp\/v2\/posts\/40815\/revisions"}],"predecessor-version":[{"id":40817,"href":"https:\/\/www.egemtv.com\/index.php?rest_route=\/wp\/v2\/posts\/40815\/revisions\/40817"}],"wp:featuredmedia":[{"embeddable":true,"href":"https:\/\/www.egemtv.com\/index.php?rest_route=\/wp\/v2\/media\/40816"}],"wp:attachment":[{"href":"https:\/\/www.egemtv.com\/index.php?rest_route=%2Fwp%2Fv2%2Fmedia&parent=40815"}],"wp:term":[{"taxonomy":"category","embeddable":true,"href":"https:\/\/www.egemtv.com\/index.php?rest_route=%2Fwp%2Fv2%2Fcategories&post=40815"},{"taxonomy":"post_tag","embeddable":true,"href":"https:\/\/www.egemtv.com\/index.php?rest_route=%2Fwp%2Fv2%2Ftags&post=40815"}],"curies":[{"name":"wp","href":"https:\/\/api.w.org\/{rel}","templated":true}]}}