{"id":40812,"date":"2025-07-09T10:16:34","date_gmt":"2025-07-09T07:16:34","guid":{"rendered":"https:\/\/www.egemtv.com\/?p=40812"},"modified":"2025-07-09T10:16:41","modified_gmt":"2025-07-09T07:16:41","slug":"cinede-orman-yanginlarina-karsi-onleyici-temizlik-calismasi-yapildi","status":"publish","type":"post","link":"https:\/\/www.egemtv.com\/?p=40812","title":{"rendered":"\u00c7ine\u2019de orman yang\u0131nlar\u0131na kar\u015f\u0131 \u00f6nleyici temizlik \u00e7al\u0131\u015fmas\u0131 yap\u0131ld\u0131"},"content":{"rendered":"<p>Ayd\u0131n Orman \u0130\u015fletme M\u00fcd\u00fcrl\u00fc\u011f\u00fc taraf\u0131ndan orman yang\u0131nlar\u0131na kar\u015f\u0131 y\u00fcr\u00fct\u00fclen \u00f6nleyici \u00e7al\u0131\u015fmalar kapsam\u0131nda, \u00c7ine Orman \u0130\u015fletme \u015eefli\u011fi sorumluluk sahas\u0131nda bulunan yang\u0131n emniyet \u015feritlerinin temizlik \u00e7al\u0131\u015fmalar\u0131 ger\u00e7ekle\u015ftirildi.<\/p>\n<p>Yang\u0131n sezonunun en s\u0131cak d\u00f6nemine girilmesiyle birlikte orman yang\u0131nlar\u0131na kar\u015f\u0131 \u00f6nlemler de artarak s\u00fcr\u00fcyor. Bu kapsamda, orman yang\u0131nlar\u0131n\u0131n yay\u0131lmas\u0131n\u0131 \u00f6nlemek ve m\u00fcdahaleyi kolayla\u015ft\u0131rmak amac\u0131yla olu\u015fturulan yang\u0131n emniyet \u015feritlerinde temizlik \u00e7al\u0131\u015fmas\u0131 ger\u00e7ekle\u015ftirildi. Ayd\u0131n Orman \u0130\u015fletme M\u00fcd\u00fcrl\u00fc\u011f\u00fc \u00c7ine Orman \u0130\u015fletme \u015eefli\u011fi ekipleri \u00f6zellikle riskli b\u00f6lgelerdeki ot, dal ve yan\u0131c\u0131 maddeleri temizledi. Hem yang\u0131n tehlikesini azalt\u0131lmas\u0131 hem de yang\u0131nda alevlerin ilerlemesini yava\u015flat\u0131lmas\u0131n\u0131n hedeflendi\u011fi \u00e7al\u0131\u015fmalar\u0131n\u0131n s\u00fcrece\u011fini belirten yetkililer, vatanda\u015flardan da orman yang\u0131nlar\u0131na kar\u015f\u0131 duyarl\u0131 olmalar\u0131n\u0131 istedi. \u00d6te yandan yetkilikler, ormanl\u0131k alanlarda ate\u015f yakmamalar\u0131n\u0131 ve herhangi bir duman ya da yang\u0131n belirtisi g\u00f6r\u00fclmesi halinde 112 Acil \u00c7a\u011fr\u0131 Merkezi\u2019ne bildirmeleri y\u00f6n\u00fcnde \u00e7a\u011fr\u0131da bulundu.<br \/><\/p>\n","protected":false},"excerpt":{"rendered":"<p>Ayd\u0131n Orman \u0130\u015fletme M\u00fcd\u00fcrl\u00fc\u011f\u00fc taraf\u0131ndan orman yang\u0131nlar\u0131na kar\u015f\u0131 y\u00fcr\u00fct\u00fclen \u00f6nleyici \u00e7al\u0131\u015fmalar kapsam\u0131nda, \u00c7ine Orman \u0130\u015fletme \u015eefli\u011fi sorumluluk sahas\u0131nda bulunan yang\u0131n emniyet \u015feritlerinin temizlik \u00e7al\u0131\u015fmalar\u0131 ger\u00e7ekle\u015ftirildi. Yang\u0131n sezonunun en s\u0131cak d\u00f6nemine girilmesiyle birlikte orman yang\u0131nlar\u0131na kar\u015f\u0131 \u00f6nlemler de artarak s\u00fcr\u00fcyor. Bu kapsamda, orman yang\u0131nlar\u0131n\u0131n yay\u0131lmas\u0131n\u0131 \u00f6nlemek ve m\u00fcdahaleyi kolayla\u015ft\u0131rmak amac\u0131yla olu\u015fturulan yang\u0131n emniyet \u015feritlerinde temizlik \u00e7al\u0131\u015fmas\u0131&#8230;<\/p>\n","protected":false},"author":1,"featured_media":40813,"comment_status":"open","ping_status":"open","sticky":false,"template":"","format":"standard","meta":{"_crdt_document":"","footnotes":""},"categories":[1],"tags":[],"class_list":["post-40812","post","type-post","status-publish","format-standard","has-post-thumbnail","hentry","category-guncel"],"_links":{"self":[{"href":"https:\/\/www.egemtv.com\/index.php?rest_route=\/wp\/v2\/posts\/40812","targetHints":{"allow":["GET"]}}],"collection":[{"href":"https:\/\/www.egemtv.com\/index.php?rest_route=\/wp\/v2\/posts"}],"about":[{"href":"https:\/\/www.egemtv.com\/index.php?rest_route=\/wp\/v2\/types\/post"}],"author":[{"embeddable":true,"href":"https:\/\/www.egemtv.com\/index.php?rest_route=\/wp\/v2\/users\/1"}],"replies":[{"embeddable":true,"href":"https:\/\/www.egemtv.com\/index.php?rest_route=%2Fwp%2Fv2%2Fcomments&post=40812"}],"version-history":[{"count":1,"href":"https:\/\/www.egemtv.com\/index.php?rest_route=\/wp\/v2\/posts\/40812\/revisions"}],"predecessor-version":[{"id":40814,"href":"https:\/\/www.egemtv.com\/index.php?rest_route=\/wp\/v2\/posts\/40812\/revisions\/40814"}],"wp:featuredmedia":[{"embeddable":true,"href":"https:\/\/www.egemtv.com\/index.php?rest_route=\/wp\/v2\/media\/40813"}],"wp:attachment":[{"href":"https:\/\/www.egemtv.com\/index.php?rest_route=%2Fwp%2Fv2%2Fmedia&parent=40812"}],"wp:term":[{"taxonomy":"category","embeddable":true,"href":"https:\/\/www.egemtv.com\/index.php?rest_route=%2Fwp%2Fv2%2Fcategories&post=40812"},{"taxonomy":"post_tag","embeddable":true,"href":"https:\/\/www.egemtv.com\/index.php?rest_route=%2Fwp%2Fv2%2Ftags&post=40812"}],"curies":[{"name":"wp","href":"https:\/\/api.w.org\/{rel}","templated":true}]}}