{"id":40803,"date":"2025-07-09T09:56:47","date_gmt":"2025-07-09T06:56:47","guid":{"rendered":"https:\/\/www.egemtv.com\/?p=40803"},"modified":"2025-07-09T09:56:51","modified_gmt":"2025-07-09T06:56:51","slug":"kocarlida-sok-uygulama","status":"publish","type":"post","link":"https:\/\/www.egemtv.com\/?p=40803","title":{"rendered":"Ko\u00e7arl\u0131\u2019da \u2018\u015fok\u2019 uygulama"},"content":{"rendered":"<p>Ayd\u0131n\u2019\u0131n Ko\u00e7arl\u0131 il\u00e7esinde jandarma ekiplerince yap\u0131lan \u2018\u015fok\u2019 uygulamada 124 \u015fah\u0131s ve 238 ara\u00e7 sorguland\u0131.<\/p>\n<p>Ko\u00e7arl\u0131 \u0130l\u00e7e Jandarma Komutanl\u0131\u011f\u0131 trafik jandarmas\u0131 ve asayi\u015f timleri taraf\u0131ndan trafik kazalar\u0131ndan kaynaklanan \u00f6l\u00fcm ve yaralanmalar\u0131 en aza indirmek, su\u00e7lar\u0131n \u00f6nlenmesi ve su\u00e7lular\u0131n yakalanmas\u0131 amac\u0131yla Ko\u00e7arl\u0131 il\u00e7esi giri\u015finde \u015fok uygulama ger\u00e7ekle\u015ftirdi. Faaliyette 124 \u015fah\u0131s ve 238 ara\u00e7 sorgulan\u0131rken, 15 s\u00fcr\u00fcc\u00fcye cezai i\u015flem uyguland\u0131. Ayd\u0131n \u0130l Jandarma Komutanl\u0131\u011f\u0131 taraf\u0131ndan yap\u0131lan a\u00e7\u0131klamada &#8220;Vatanda\u015flar\u0131m\u0131z\u0131n huzur ve g\u00fcvenli\u011fi i\u00e7in denetim ve kontrollerimize devam etmekteyiz&#8221; ifadeleri yer ald\u0131.<br \/><\/p>\n","protected":false},"excerpt":{"rendered":"<p>Ayd\u0131n\u2019\u0131n Ko\u00e7arl\u0131 il\u00e7esinde jandarma ekiplerince yap\u0131lan \u2018\u015fok\u2019 uygulamada 124 \u015fah\u0131s ve 238 ara\u00e7 sorguland\u0131. Ko\u00e7arl\u0131 \u0130l\u00e7e Jandarma Komutanl\u0131\u011f\u0131 trafik jandarmas\u0131 ve asayi\u015f timleri taraf\u0131ndan trafik kazalar\u0131ndan kaynaklanan \u00f6l\u00fcm ve yaralanmalar\u0131 en aza indirmek, su\u00e7lar\u0131n \u00f6nlenmesi ve su\u00e7lular\u0131n yakalanmas\u0131 amac\u0131yla Ko\u00e7arl\u0131 il\u00e7esi giri\u015finde \u015fok uygulama ger\u00e7ekle\u015ftirdi. Faaliyette 124 \u015fah\u0131s ve 238 ara\u00e7 sorgulan\u0131rken, 15 s\u00fcr\u00fcc\u00fcye cezai&#8230;<\/p>\n","protected":false},"author":1,"featured_media":40804,"comment_status":"open","ping_status":"open","sticky":false,"template":"","format":"standard","meta":{"_crdt_document":"","footnotes":""},"categories":[5],"tags":[],"class_list":["post-40803","post","type-post","status-publish","format-standard","has-post-thumbnail","hentry","category-asayis"],"_links":{"self":[{"href":"https:\/\/www.egemtv.com\/index.php?rest_route=\/wp\/v2\/posts\/40803","targetHints":{"allow":["GET"]}}],"collection":[{"href":"https:\/\/www.egemtv.com\/index.php?rest_route=\/wp\/v2\/posts"}],"about":[{"href":"https:\/\/www.egemtv.com\/index.php?rest_route=\/wp\/v2\/types\/post"}],"author":[{"embeddable":true,"href":"https:\/\/www.egemtv.com\/index.php?rest_route=\/wp\/v2\/users\/1"}],"replies":[{"embeddable":true,"href":"https:\/\/www.egemtv.com\/index.php?rest_route=%2Fwp%2Fv2%2Fcomments&post=40803"}],"version-history":[{"count":1,"href":"https:\/\/www.egemtv.com\/index.php?rest_route=\/wp\/v2\/posts\/40803\/revisions"}],"predecessor-version":[{"id":40805,"href":"https:\/\/www.egemtv.com\/index.php?rest_route=\/wp\/v2\/posts\/40803\/revisions\/40805"}],"wp:featuredmedia":[{"embeddable":true,"href":"https:\/\/www.egemtv.com\/index.php?rest_route=\/wp\/v2\/media\/40804"}],"wp:attachment":[{"href":"https:\/\/www.egemtv.com\/index.php?rest_route=%2Fwp%2Fv2%2Fmedia&parent=40803"}],"wp:term":[{"taxonomy":"category","embeddable":true,"href":"https:\/\/www.egemtv.com\/index.php?rest_route=%2Fwp%2Fv2%2Fcategories&post=40803"},{"taxonomy":"post_tag","embeddable":true,"href":"https:\/\/www.egemtv.com\/index.php?rest_route=%2Fwp%2Fv2%2Ftags&post=40803"}],"curies":[{"name":"wp","href":"https:\/\/api.w.org\/{rel}","templated":true}]}}