{"id":40800,"date":"2025-07-09T09:56:42","date_gmt":"2025-07-09T06:56:42","guid":{"rendered":"https:\/\/www.egemtv.com\/?p=40800"},"modified":"2025-07-09T09:56:47","modified_gmt":"2025-07-09T06:56:47","slug":"aydinli-boksorler-turkiye-sampiyonasinda-dereceye-girdi","status":"publish","type":"post","link":"https:\/\/www.egemtv.com\/?p=40800","title":{"rendered":"Ayd\u0131nl\u0131 boks\u00f6rler T\u00fcrkiye \u015fampiyonas\u0131nda dereceye girdi"},"content":{"rendered":"<p>Bayburt\u2019ta d\u00fczenlenen boks \u015fampiyonas\u0131nda Ayd\u0131n\u2019\u0131n temsil eden T\u00fclay Rabia \u00d6nba\u015f ve Mustafa Akka\u015f, ba\u015far\u0131l\u0131 performanslar\u0131yla dikkatleri \u00fczerine \u00e7ekerken, T\u00fcrkiye derecesi elde etti.<\/p>\n<p>\u00dcst Minik Erkekler ve Kad\u0131nlar T\u00fcrkiye Ferdi Boks \u015eampiyonas\u0131 Bayburt\u2019un ev sahipli\u011finde ger\u00e7ekle\u015ftirildi. \u00dclke genelinden \u00e7ok say\u0131da sporcunun kat\u0131ld\u0131\u011f\u0131 \u015fampiyonada T\u00fclay Rabia \u00d6nba\u015f ve Mustafa Akka\u015f ise Ayd\u0131n\u2019\u0131 temsil etti. M\u00fccadelenin ve rekabetin en \u00fcst seviyede ya\u015fand\u0131\u011f\u0131 \u015fampiyona zaman zaman renkli g\u00f6r\u00fcnt\u00fclere de sahne olurken, \u015fampiyonada Ayd\u0131nl\u0131 boks\u00f6rler performans\u0131yla dikkatleri \u00fczerine \u00e7ekti. 66 kilogramda T\u00fclay Rabia \u00d6nba\u015f \u00dcst Minik Kad\u0131nlar T\u00fcrkiye ikincisi, 40 kilogramda Mustafa Akka\u015f \u00dcst Minik Erkekler T\u00fcrkiye \u00fc\u00e7\u00fcnc\u00fcs\u00fc oldu.<br \/><\/p>\n","protected":false},"excerpt":{"rendered":"<p>Bayburt\u2019ta d\u00fczenlenen boks \u015fampiyonas\u0131nda Ayd\u0131n\u2019\u0131n temsil eden T\u00fclay Rabia \u00d6nba\u015f ve Mustafa Akka\u015f, ba\u015far\u0131l\u0131 performanslar\u0131yla dikkatleri \u00fczerine \u00e7ekerken, T\u00fcrkiye derecesi elde etti. \u00dcst Minik Erkekler ve Kad\u0131nlar T\u00fcrkiye Ferdi Boks \u015eampiyonas\u0131 Bayburt\u2019un ev sahipli\u011finde ger\u00e7ekle\u015ftirildi. \u00dclke genelinden \u00e7ok say\u0131da sporcunun kat\u0131ld\u0131\u011f\u0131 \u015fampiyonada T\u00fclay Rabia \u00d6nba\u015f ve Mustafa Akka\u015f ise Ayd\u0131n\u2019\u0131 temsil etti. M\u00fccadelenin ve rekabetin&#8230;<\/p>\n","protected":false},"author":1,"featured_media":40801,"comment_status":"open","ping_status":"open","sticky":false,"template":"","format":"standard","meta":{"_crdt_document":"","footnotes":""},"categories":[4],"tags":[],"class_list":["post-40800","post","type-post","status-publish","format-standard","has-post-thumbnail","hentry","category-spor"],"_links":{"self":[{"href":"https:\/\/www.egemtv.com\/index.php?rest_route=\/wp\/v2\/posts\/40800","targetHints":{"allow":["GET"]}}],"collection":[{"href":"https:\/\/www.egemtv.com\/index.php?rest_route=\/wp\/v2\/posts"}],"about":[{"href":"https:\/\/www.egemtv.com\/index.php?rest_route=\/wp\/v2\/types\/post"}],"author":[{"embeddable":true,"href":"https:\/\/www.egemtv.com\/index.php?rest_route=\/wp\/v2\/users\/1"}],"replies":[{"embeddable":true,"href":"https:\/\/www.egemtv.com\/index.php?rest_route=%2Fwp%2Fv2%2Fcomments&post=40800"}],"version-history":[{"count":1,"href":"https:\/\/www.egemtv.com\/index.php?rest_route=\/wp\/v2\/posts\/40800\/revisions"}],"predecessor-version":[{"id":40802,"href":"https:\/\/www.egemtv.com\/index.php?rest_route=\/wp\/v2\/posts\/40800\/revisions\/40802"}],"wp:featuredmedia":[{"embeddable":true,"href":"https:\/\/www.egemtv.com\/index.php?rest_route=\/wp\/v2\/media\/40801"}],"wp:attachment":[{"href":"https:\/\/www.egemtv.com\/index.php?rest_route=%2Fwp%2Fv2%2Fmedia&parent=40800"}],"wp:term":[{"taxonomy":"category","embeddable":true,"href":"https:\/\/www.egemtv.com\/index.php?rest_route=%2Fwp%2Fv2%2Fcategories&post=40800"},{"taxonomy":"post_tag","embeddable":true,"href":"https:\/\/www.egemtv.com\/index.php?rest_route=%2Fwp%2Fv2%2Ftags&post=40800"}],"curies":[{"name":"wp","href":"https:\/\/api.w.org\/{rel}","templated":true}]}}