{"id":40797,"date":"2025-07-09T09:56:38","date_gmt":"2025-07-09T06:56:38","guid":{"rendered":"https:\/\/www.egemtv.com\/?p=40797"},"modified":"2025-07-09T09:56:42","modified_gmt":"2025-07-09T06:56:42","slug":"bozdoganda-ormanlar-gozetleniyor","status":"publish","type":"post","link":"https:\/\/www.egemtv.com\/?p=40797","title":{"rendered":"Bozdo\u011fan\u2019da ormanlar g\u00f6zetleniyor"},"content":{"rendered":"<p>Ayd\u0131n\u2019\u0131n Bozdo\u011fan il\u00e7esinde yang\u0131nlara kar\u015f\u0131 ormanlarda ke\u015fif ve g\u00f6zetleme faaliyetleri devam ediyor.<br \/>\n<br \/>Bozdo\u011fan \u0130l\u00e7e Jandarma Komutanl\u0131\u011f\u0131 ve Orman \u0130\u015fletme \u015eeflikleri\u2019ne ba\u011fl\u0131 personeller taraf\u0131ndan orman yang\u0131nlar\u0131na kar\u015f\u0131 d\u00fczenli olarak ke\u015fif, g\u00f6zetleme, devriye ve bilgilendirme faaliyetleri s\u00fcrd\u00fcr\u00fcl\u00fcyor.<br \/>\n<br \/>Bozdo\u011fan Kaymakaml\u0131\u011f\u0131\u2019ndan yap\u0131lan a\u00e7\u0131klamada, &#8220;Orman Kanunu\u2019nun 76. ve 110. maddeleri ile Komisyon Kararlar\u0131 gere\u011fince orman yang\u0131n\u0131na sebebiyet vermenin adli ve idari yapt\u0131r\u0131mlar\u0131n\u0131n bulundu\u011fu bilinerek vatanda\u015flar\u0131m\u0131z\u0131n da konuya kar\u015f\u0131 duyarl\u0131 olmalar\u0131, yang\u0131na sebebiyet verecek davran\u0131\u015flardan ka\u00e7\u0131nmalar\u0131 ve \u015f\u00fcpheli bir durum fark edildi\u011finde ivedilikle 112 Acil \u00c7a\u011fr\u0131 Merkezi\u2019ni aramalar\u0131 \u00f6nem arz etmektedir&#8221; denildi.<br \/><\/p>\n","protected":false},"excerpt":{"rendered":"<p>Ayd\u0131n\u2019\u0131n Bozdo\u011fan il\u00e7esinde yang\u0131nlara kar\u015f\u0131 ormanlarda ke\u015fif ve g\u00f6zetleme faaliyetleri devam ediyor. Bozdo\u011fan \u0130l\u00e7e Jandarma Komutanl\u0131\u011f\u0131 ve Orman \u0130\u015fletme \u015eeflikleri\u2019ne ba\u011fl\u0131 personeller taraf\u0131ndan orman yang\u0131nlar\u0131na kar\u015f\u0131 d\u00fczenli olarak ke\u015fif, g\u00f6zetleme, devriye ve bilgilendirme faaliyetleri s\u00fcrd\u00fcr\u00fcl\u00fcyor. Bozdo\u011fan Kaymakaml\u0131\u011f\u0131\u2019ndan yap\u0131lan a\u00e7\u0131klamada, &#8220;Orman Kanunu\u2019nun 76. ve 110. maddeleri ile Komisyon Kararlar\u0131 gere\u011fince orman yang\u0131n\u0131na sebebiyet vermenin adli ve&#8230;<\/p>\n","protected":false},"author":1,"featured_media":40798,"comment_status":"open","ping_status":"open","sticky":false,"template":"","format":"standard","meta":{"_crdt_document":"","footnotes":""},"categories":[1],"tags":[],"class_list":["post-40797","post","type-post","status-publish","format-standard","has-post-thumbnail","hentry","category-guncel"],"_links":{"self":[{"href":"https:\/\/www.egemtv.com\/index.php?rest_route=\/wp\/v2\/posts\/40797","targetHints":{"allow":["GET"]}}],"collection":[{"href":"https:\/\/www.egemtv.com\/index.php?rest_route=\/wp\/v2\/posts"}],"about":[{"href":"https:\/\/www.egemtv.com\/index.php?rest_route=\/wp\/v2\/types\/post"}],"author":[{"embeddable":true,"href":"https:\/\/www.egemtv.com\/index.php?rest_route=\/wp\/v2\/users\/1"}],"replies":[{"embeddable":true,"href":"https:\/\/www.egemtv.com\/index.php?rest_route=%2Fwp%2Fv2%2Fcomments&post=40797"}],"version-history":[{"count":1,"href":"https:\/\/www.egemtv.com\/index.php?rest_route=\/wp\/v2\/posts\/40797\/revisions"}],"predecessor-version":[{"id":40799,"href":"https:\/\/www.egemtv.com\/index.php?rest_route=\/wp\/v2\/posts\/40797\/revisions\/40799"}],"wp:featuredmedia":[{"embeddable":true,"href":"https:\/\/www.egemtv.com\/index.php?rest_route=\/wp\/v2\/media\/40798"}],"wp:attachment":[{"href":"https:\/\/www.egemtv.com\/index.php?rest_route=%2Fwp%2Fv2%2Fmedia&parent=40797"}],"wp:term":[{"taxonomy":"category","embeddable":true,"href":"https:\/\/www.egemtv.com\/index.php?rest_route=%2Fwp%2Fv2%2Fcategories&post=40797"},{"taxonomy":"post_tag","embeddable":true,"href":"https:\/\/www.egemtv.com\/index.php?rest_route=%2Fwp%2Fv2%2Ftags&post=40797"}],"curies":[{"name":"wp","href":"https:\/\/api.w.org\/{rel}","templated":true}]}}