{"id":40794,"date":"2025-07-09T09:37:04","date_gmt":"2025-07-09T06:37:04","guid":{"rendered":"https:\/\/www.egemtv.com\/?p=40794"},"modified":"2025-07-09T09:37:08","modified_gmt":"2025-07-09T06:37:08","slug":"bassavci-karabacaktan-genel-sekreter-bilime-veda-ziyareti","status":"publish","type":"post","link":"https:\/\/www.egemtv.com\/?p=40794","title":{"rendered":"Ba\u015fsavc\u0131 Karabacak\u2019tan Genel Sekreter Bilim\u2019e veda ziyareti"},"content":{"rendered":"<p>Afyonkarahisar Cumhuriyet Ba\u015fsavc\u0131s\u0131 Fatih Karabacak, Yarg\u0131tay Cumhuriyet Ba\u015fsavc\u0131l\u0131\u011f\u0131 g\u00f6revine atanmas\u0131n\u0131n ard\u0131ndan \u0130l \u00d6zel \u0130daresi Genel Sekreteri Osman Ziya Bilim\u2019e veda ziyaretinde bulundu.<br \/>\n<br \/>Genel Sekreter Bilim, nazik ziyaretinden dolay\u0131 Karabacak\u2019a te\u015fekk\u00fcr ederek, yeni g\u00f6revinde ba\u015far\u0131lar diledi. Ziyaret, samimi bir ortamda ger\u00e7ekle\u015fti ve kar\u015f\u0131l\u0131kl\u0131 iyi temennilerle sona erdi. Karabacak, Afyonkarahisar\u2019da ge\u00e7irdi\u011fi s\u00fcre boyunca yapt\u0131\u011f\u0131 \u00e7al\u0131\u015fmalar hakk\u0131nda bilgi payla\u015f\u0131m\u0131nda bulundu. Genel Sekreter Bilim ise Karabacak\u2019\u0131n kente \u00f6nemli hizmetlerde bulundu\u011funu vurgulad\u0131.<br \/><\/p>\n","protected":false},"excerpt":{"rendered":"<p>Afyonkarahisar Cumhuriyet Ba\u015fsavc\u0131s\u0131 Fatih Karabacak, Yarg\u0131tay Cumhuriyet Ba\u015fsavc\u0131l\u0131\u011f\u0131 g\u00f6revine atanmas\u0131n\u0131n ard\u0131ndan \u0130l \u00d6zel \u0130daresi Genel Sekreteri Osman Ziya Bilim\u2019e veda ziyaretinde bulundu. Genel Sekreter Bilim, nazik ziyaretinden dolay\u0131 Karabacak\u2019a te\u015fekk\u00fcr ederek, yeni g\u00f6revinde ba\u015far\u0131lar diledi. Ziyaret, samimi bir ortamda ger\u00e7ekle\u015fti ve kar\u015f\u0131l\u0131kl\u0131 iyi temennilerle sona erdi. Karabacak, Afyonkarahisar\u2019da ge\u00e7irdi\u011fi s\u00fcre boyunca yapt\u0131\u011f\u0131 \u00e7al\u0131\u015fmalar hakk\u0131nda bilgi&#8230;<\/p>\n","protected":false},"author":1,"featured_media":40795,"comment_status":"open","ping_status":"open","sticky":false,"template":"","format":"standard","meta":{"_crdt_document":"","footnotes":""},"categories":[1],"tags":[],"class_list":["post-40794","post","type-post","status-publish","format-standard","has-post-thumbnail","hentry","category-guncel"],"_links":{"self":[{"href":"https:\/\/www.egemtv.com\/index.php?rest_route=\/wp\/v2\/posts\/40794","targetHints":{"allow":["GET"]}}],"collection":[{"href":"https:\/\/www.egemtv.com\/index.php?rest_route=\/wp\/v2\/posts"}],"about":[{"href":"https:\/\/www.egemtv.com\/index.php?rest_route=\/wp\/v2\/types\/post"}],"author":[{"embeddable":true,"href":"https:\/\/www.egemtv.com\/index.php?rest_route=\/wp\/v2\/users\/1"}],"replies":[{"embeddable":true,"href":"https:\/\/www.egemtv.com\/index.php?rest_route=%2Fwp%2Fv2%2Fcomments&post=40794"}],"version-history":[{"count":1,"href":"https:\/\/www.egemtv.com\/index.php?rest_route=\/wp\/v2\/posts\/40794\/revisions"}],"predecessor-version":[{"id":40796,"href":"https:\/\/www.egemtv.com\/index.php?rest_route=\/wp\/v2\/posts\/40794\/revisions\/40796"}],"wp:featuredmedia":[{"embeddable":true,"href":"https:\/\/www.egemtv.com\/index.php?rest_route=\/wp\/v2\/media\/40795"}],"wp:attachment":[{"href":"https:\/\/www.egemtv.com\/index.php?rest_route=%2Fwp%2Fv2%2Fmedia&parent=40794"}],"wp:term":[{"taxonomy":"category","embeddable":true,"href":"https:\/\/www.egemtv.com\/index.php?rest_route=%2Fwp%2Fv2%2Fcategories&post=40794"},{"taxonomy":"post_tag","embeddable":true,"href":"https:\/\/www.egemtv.com\/index.php?rest_route=%2Fwp%2Fv2%2Ftags&post=40794"}],"curies":[{"name":"wp","href":"https:\/\/api.w.org\/{rel}","templated":true}]}}