{"id":40791,"date":"2025-07-09T09:36:59","date_gmt":"2025-07-09T06:36:59","guid":{"rendered":"https:\/\/www.egemtv.com\/?p=40791"},"modified":"2025-07-09T09:37:04","modified_gmt":"2025-07-09T06:37:04","slug":"kaymakam-aslan-yaz-kuran-kursu-ogrencileriyle-bulustu","status":"publish","type":"post","link":"https:\/\/www.egemtv.com\/?p=40791","title":{"rendered":"Kaymakam Aslan Yaz Kur\u2019an Kursu \u00f6\u011frencileriyle bulu\u015ftu"},"content":{"rendered":"<p>Afyonkarahisar Sinanpa\u015fa Kaymakam\u0131 Emrah Aslan, Sinanpa\u015fa M\u00fcft\u00fcl\u00fc\u011f\u00fc taraf\u0131ndan d\u00fczenlenen program kapsam\u0131nda Ak\u00f6ren\u2019deki Yaz Kur\u2019an Kursu \u00f6\u011frencileriyle bir araya geldi.<br \/>\n<br \/>\u00d6\u011frencilerle s\u0131cak ve samimi bir sohbet ger\u00e7ekle\u015ftiren Kaymakam Aslan, gen\u00e7lerin dini ve ahlaki geli\u015fimlerine katk\u0131 sa\u011flayan bu t\u00fcr e\u011fitimlerin \u00f6nemine de\u011findi. Program sonunda, Muharrem ay\u0131n\u0131n bereketini payla\u015fmak amac\u0131yla \u00f6\u011frencilere a\u015fure ikram\u0131nda bulunuldu. Ziyaret, hem \u00f6\u011frenciler hem de kurs g\u00f6revlileri taraf\u0131ndan memnuniyetle kar\u015f\u0131land\u0131.<br \/><\/p>\n","protected":false},"excerpt":{"rendered":"<p>Afyonkarahisar Sinanpa\u015fa Kaymakam\u0131 Emrah Aslan, Sinanpa\u015fa M\u00fcft\u00fcl\u00fc\u011f\u00fc taraf\u0131ndan d\u00fczenlenen program kapsam\u0131nda Ak\u00f6ren\u2019deki Yaz Kur\u2019an Kursu \u00f6\u011frencileriyle bir araya geldi. \u00d6\u011frencilerle s\u0131cak ve samimi bir sohbet ger\u00e7ekle\u015ftiren Kaymakam Aslan, gen\u00e7lerin dini ve ahlaki geli\u015fimlerine katk\u0131 sa\u011flayan bu t\u00fcr e\u011fitimlerin \u00f6nemine de\u011findi. Program sonunda, Muharrem ay\u0131n\u0131n bereketini payla\u015fmak amac\u0131yla \u00f6\u011frencilere a\u015fure ikram\u0131nda bulunuldu. Ziyaret, hem \u00f6\u011frenciler hem&#8230;<\/p>\n","protected":false},"author":1,"featured_media":40792,"comment_status":"open","ping_status":"open","sticky":false,"template":"","format":"standard","meta":{"_crdt_document":"","footnotes":""},"categories":[1],"tags":[],"class_list":["post-40791","post","type-post","status-publish","format-standard","has-post-thumbnail","hentry","category-guncel"],"_links":{"self":[{"href":"https:\/\/www.egemtv.com\/index.php?rest_route=\/wp\/v2\/posts\/40791","targetHints":{"allow":["GET"]}}],"collection":[{"href":"https:\/\/www.egemtv.com\/index.php?rest_route=\/wp\/v2\/posts"}],"about":[{"href":"https:\/\/www.egemtv.com\/index.php?rest_route=\/wp\/v2\/types\/post"}],"author":[{"embeddable":true,"href":"https:\/\/www.egemtv.com\/index.php?rest_route=\/wp\/v2\/users\/1"}],"replies":[{"embeddable":true,"href":"https:\/\/www.egemtv.com\/index.php?rest_route=%2Fwp%2Fv2%2Fcomments&post=40791"}],"version-history":[{"count":1,"href":"https:\/\/www.egemtv.com\/index.php?rest_route=\/wp\/v2\/posts\/40791\/revisions"}],"predecessor-version":[{"id":40793,"href":"https:\/\/www.egemtv.com\/index.php?rest_route=\/wp\/v2\/posts\/40791\/revisions\/40793"}],"wp:featuredmedia":[{"embeddable":true,"href":"https:\/\/www.egemtv.com\/index.php?rest_route=\/wp\/v2\/media\/40792"}],"wp:attachment":[{"href":"https:\/\/www.egemtv.com\/index.php?rest_route=%2Fwp%2Fv2%2Fmedia&parent=40791"}],"wp:term":[{"taxonomy":"category","embeddable":true,"href":"https:\/\/www.egemtv.com\/index.php?rest_route=%2Fwp%2Fv2%2Fcategories&post=40791"},{"taxonomy":"post_tag","embeddable":true,"href":"https:\/\/www.egemtv.com\/index.php?rest_route=%2Fwp%2Fv2%2Ftags&post=40791"}],"curies":[{"name":"wp","href":"https:\/\/api.w.org\/{rel}","templated":true}]}}