{"id":40746,"date":"2025-07-08T16:56:56","date_gmt":"2025-07-08T13:56:56","guid":{"rendered":"https:\/\/www.egemtv.com\/?p=40746"},"modified":"2025-07-08T16:57:01","modified_gmt":"2025-07-08T13:57:01","slug":"genclerin-kazasi-olumle-bitti","status":"publish","type":"post","link":"https:\/\/www.egemtv.com\/?p=40746","title":{"rendered":"Gen\u00e7lerin kazas\u0131 \u00f6l\u00fcmle bitti"},"content":{"rendered":"<p>U\u015fak\u2019ta motosiklet s\u00fcr\u00fcc\u00fcs\u00fc ile hafif ticari ara\u00e7 s\u00fcr\u00fcc\u00fcs\u00fcn\u00fcn kazas\u0131 \u00f6l\u00fcmle sonu\u00e7land\u0131.<br \/>\n<br \/>Kaza, U\u015fak merkeze ba\u011fl\u0131 Fatih Mahallesi Ova Caddesi \u00fczerinde meydana geldi. Edinilen bilgilere g\u00f6re, Ova Caddesi \u00fczerinde seyir halinde olan 19 ya\u015f\u0131ndaki Yi\u011fit Gencer idaresindeki 64 ADT 196 plakal\u0131 motosiklet, Birinci K\u00f6ksal Sokak\u2019tan \u00e7\u0131kt\u0131ktan sonra kav\u015faktan Alt\u0131nc\u0131 \u00dclk\u00fc Sokak istikametine d\u00f6n\u00fc\u015f yapmak isteyen 21 ya\u015f\u0131ndaki \u015e.T. y\u00f6netimindeki 64 ADK 778 plakal\u0131 hafif ticari ara\u00e7la \u00e7arp\u0131\u015ft\u0131. \u00c7arp\u0131\u015fman\u0131n etkisiyle motosiklet savrularak ref\u00fcjde bulunan a\u011faca \u00e7arpt\u0131.<br \/>\n<br \/>\u00c7evredeki vatanda\u015flar\u0131n durumu 112 Acil \u00c7a\u011fr\u0131 Merkezi\u2019ne bildirmesi \u00fczerine olay yerine 112 Sa\u011fl\u0131k ve polis ekipleri sevk edildi. 112 sa\u011fl\u0131k ekiplerince yap\u0131lan incelemede yola savrulan motosiklet s\u00fcr\u00fcc\u00fcs\u00fc Yi\u011fit Gencer\u2019in hayat\u0131n\u0131 kaybetti\u011fi belirlendi.<br \/>\n<br \/>Olay yerinde yap\u0131lan incelemelerin ard\u0131ndan Gencer\u2019in cenazesi U\u015fak E\u011fitim ve Ara\u015ft\u0131rma Hastanesi morguna kald\u0131r\u0131ld\u0131.<br \/>\n<br \/>\u00d6te yandan, polis ekiplerince hafif ticari ara\u00e7 s\u00fcr\u00fcc\u00fcs\u00fc ise g\u00f6zalt\u0131na al\u0131nd\u0131.<br \/><\/p>\n","protected":false},"excerpt":{"rendered":"<p>U\u015fak\u2019ta motosiklet s\u00fcr\u00fcc\u00fcs\u00fc ile hafif ticari ara\u00e7 s\u00fcr\u00fcc\u00fcs\u00fcn\u00fcn kazas\u0131 \u00f6l\u00fcmle sonu\u00e7land\u0131. Kaza, U\u015fak merkeze ba\u011fl\u0131 Fatih Mahallesi Ova Caddesi \u00fczerinde meydana geldi. Edinilen bilgilere g\u00f6re, Ova Caddesi \u00fczerinde seyir halinde olan 19 ya\u015f\u0131ndaki Yi\u011fit Gencer idaresindeki 64 ADT 196 plakal\u0131 motosiklet, Birinci K\u00f6ksal Sokak\u2019tan \u00e7\u0131kt\u0131ktan sonra kav\u015faktan Alt\u0131nc\u0131 \u00dclk\u00fc Sokak istikametine d\u00f6n\u00fc\u015f yapmak isteyen 21&#8230;<\/p>\n","protected":false},"author":1,"featured_media":40747,"comment_status":"open","ping_status":"open","sticky":false,"template":"","format":"standard","meta":{"_crdt_document":"","footnotes":""},"categories":[5],"tags":[],"class_list":["post-40746","post","type-post","status-publish","format-standard","has-post-thumbnail","hentry","category-asayis"],"_links":{"self":[{"href":"https:\/\/www.egemtv.com\/index.php?rest_route=\/wp\/v2\/posts\/40746","targetHints":{"allow":["GET"]}}],"collection":[{"href":"https:\/\/www.egemtv.com\/index.php?rest_route=\/wp\/v2\/posts"}],"about":[{"href":"https:\/\/www.egemtv.com\/index.php?rest_route=\/wp\/v2\/types\/post"}],"author":[{"embeddable":true,"href":"https:\/\/www.egemtv.com\/index.php?rest_route=\/wp\/v2\/users\/1"}],"replies":[{"embeddable":true,"href":"https:\/\/www.egemtv.com\/index.php?rest_route=%2Fwp%2Fv2%2Fcomments&post=40746"}],"version-history":[{"count":1,"href":"https:\/\/www.egemtv.com\/index.php?rest_route=\/wp\/v2\/posts\/40746\/revisions"}],"predecessor-version":[{"id":40748,"href":"https:\/\/www.egemtv.com\/index.php?rest_route=\/wp\/v2\/posts\/40746\/revisions\/40748"}],"wp:featuredmedia":[{"embeddable":true,"href":"https:\/\/www.egemtv.com\/index.php?rest_route=\/wp\/v2\/media\/40747"}],"wp:attachment":[{"href":"https:\/\/www.egemtv.com\/index.php?rest_route=%2Fwp%2Fv2%2Fmedia&parent=40746"}],"wp:term":[{"taxonomy":"category","embeddable":true,"href":"https:\/\/www.egemtv.com\/index.php?rest_route=%2Fwp%2Fv2%2Fcategories&post=40746"},{"taxonomy":"post_tag","embeddable":true,"href":"https:\/\/www.egemtv.com\/index.php?rest_route=%2Fwp%2Fv2%2Ftags&post=40746"}],"curies":[{"name":"wp","href":"https:\/\/api.w.org\/{rel}","templated":true}]}}