{"id":40743,"date":"2025-07-08T16:35:39","date_gmt":"2025-07-08T13:35:39","guid":{"rendered":"https:\/\/www.egemtv.com\/?p=40743"},"modified":"2025-07-08T16:35:44","modified_gmt":"2025-07-08T13:35:44","slug":"kusadasinda-freni-tutmayan-arac-kazaya-neden-oldu-5-yarali","status":"publish","type":"post","link":"https:\/\/www.egemtv.com\/?p=40743","title":{"rendered":"Ku\u015fadas\u0131\u2019nda freni tutmayan ara\u00e7 kazaya neden oldu: 5 yaral\u0131"},"content":{"rendered":"<p>Ayd\u0131n\u2019\u0131n Ku\u015fadas\u0131 il\u00e7esinde bulunan Sabri Mumcu Caddesi\u2019nde meydana gelen trafik kazas\u0131nda, freni tutmayan ara\u00e7 kontrolden \u00e7\u0131karak kar\u015f\u0131 \u015feride ge\u00e7ti. Kazada 5 ki\u015fi yaralan\u0131rken, ara\u00e7 s\u00fcr\u00fcc\u00fcs\u00fcn\u00fcn kalp hastas\u0131 oldu\u011fu iddia edildi.<\/p>\n<p>Edinilen bilgiye g\u00f6re, Seyit \u00dc. idaresindeki 06 PUH 40 plakal\u0131 ara\u00e7, cadde \u00fczerinde ilerlerken frenlerinin tutmamas\u0131 sonucu yoku\u015f a\u015fa\u011f\u0131 kaymaya ba\u015flad\u0131. Kontrolden \u00e7\u0131kan ara\u00e7, kar\u015f\u0131 \u015feritte seyir halindeki di\u011fer ara\u00e7lara \u00e7arp\u0131p, ayd\u0131nlatma dire\u011fine \u00e7arparak durabildi. \u0130hbar \u00fczerine olay yerine sa\u011fl\u0131k ve polis ekipleri sevk edildi. Kazada yaralanan 5 ki\u015fi ambulanslarla hastaneye kald\u0131r\u0131l\u0131rken, sa\u011fl\u0131k durumlar\u0131n\u0131n iyi oldu\u011fu bildirildi. Kazaya neden olan s\u00fcr\u00fcc\u00fc Seyit \u00dc\u2019n\u00fcn kalp hastas\u0131 oldu\u011fu ve olay an\u0131nda rahats\u0131zland\u0131\u011f\u0131 ileri s\u00fcr\u00fcld\u00fc.<\/p>\n<p>Kazayla ilgili inceleme ba\u015flat\u0131ld\u0131.<br \/><\/p>\n","protected":false},"excerpt":{"rendered":"<p>Ayd\u0131n\u2019\u0131n Ku\u015fadas\u0131 il\u00e7esinde bulunan Sabri Mumcu Caddesi\u2019nde meydana gelen trafik kazas\u0131nda, freni tutmayan ara\u00e7 kontrolden \u00e7\u0131karak kar\u015f\u0131 \u015feride ge\u00e7ti. Kazada 5 ki\u015fi yaralan\u0131rken, ara\u00e7 s\u00fcr\u00fcc\u00fcs\u00fcn\u00fcn kalp hastas\u0131 oldu\u011fu iddia edildi. Edinilen bilgiye g\u00f6re, Seyit \u00dc. idaresindeki 06 PUH 40 plakal\u0131 ara\u00e7, cadde \u00fczerinde ilerlerken frenlerinin tutmamas\u0131 sonucu yoku\u015f a\u015fa\u011f\u0131 kaymaya ba\u015flad\u0131. Kontrolden \u00e7\u0131kan ara\u00e7, kar\u015f\u0131&#8230;<\/p>\n","protected":false},"author":1,"featured_media":40744,"comment_status":"open","ping_status":"open","sticky":false,"template":"","format":"standard","meta":{"_crdt_document":"","footnotes":""},"categories":[5],"tags":[],"class_list":["post-40743","post","type-post","status-publish","format-standard","has-post-thumbnail","hentry","category-asayis"],"_links":{"self":[{"href":"https:\/\/www.egemtv.com\/index.php?rest_route=\/wp\/v2\/posts\/40743","targetHints":{"allow":["GET"]}}],"collection":[{"href":"https:\/\/www.egemtv.com\/index.php?rest_route=\/wp\/v2\/posts"}],"about":[{"href":"https:\/\/www.egemtv.com\/index.php?rest_route=\/wp\/v2\/types\/post"}],"author":[{"embeddable":true,"href":"https:\/\/www.egemtv.com\/index.php?rest_route=\/wp\/v2\/users\/1"}],"replies":[{"embeddable":true,"href":"https:\/\/www.egemtv.com\/index.php?rest_route=%2Fwp%2Fv2%2Fcomments&post=40743"}],"version-history":[{"count":1,"href":"https:\/\/www.egemtv.com\/index.php?rest_route=\/wp\/v2\/posts\/40743\/revisions"}],"predecessor-version":[{"id":40745,"href":"https:\/\/www.egemtv.com\/index.php?rest_route=\/wp\/v2\/posts\/40743\/revisions\/40745"}],"wp:featuredmedia":[{"embeddable":true,"href":"https:\/\/www.egemtv.com\/index.php?rest_route=\/wp\/v2\/media\/40744"}],"wp:attachment":[{"href":"https:\/\/www.egemtv.com\/index.php?rest_route=%2Fwp%2Fv2%2Fmedia&parent=40743"}],"wp:term":[{"taxonomy":"category","embeddable":true,"href":"https:\/\/www.egemtv.com\/index.php?rest_route=%2Fwp%2Fv2%2Fcategories&post=40743"},{"taxonomy":"post_tag","embeddable":true,"href":"https:\/\/www.egemtv.com\/index.php?rest_route=%2Fwp%2Fv2%2Ftags&post=40743"}],"curies":[{"name":"wp","href":"https:\/\/api.w.org\/{rel}","templated":true}]}}