{"id":40740,"date":"2025-07-08T16:35:35","date_gmt":"2025-07-08T13:35:35","guid":{"rendered":"https:\/\/www.egemtv.com\/?p=40740"},"modified":"2025-07-08T16:35:39","modified_gmt":"2025-07-08T13:35:39","slug":"tavsanlida-cocuk-parki-tehlike-saciyor","status":"publish","type":"post","link":"https:\/\/www.egemtv.com\/?p=40740","title":{"rendered":"Tav\u015fanl\u0131\u2019da \u00e7ocuk park\u0131 tehlike sa\u00e7\u0131yor"},"content":{"rendered":"<p>K\u00fctahya\u2019n\u0131n Tav\u015fanl\u0131 il\u00e7esi Karakova Mahallesi\u2019ndeki \u00e7ocuk park\u0131n\u0131n i\u00e7ler ac\u0131s\u0131 durumu, mahalle halk\u0131n\u0131 endi\u015feye sevk etti. Yaz mevsiminin gelmesiyle birlikte \u00e7ocuklar\u0131n yo\u011fun olarak kulland\u0131\u011f\u0131 park alan\u0131, k\u0131r\u0131k alkol \u015fi\u015feleri ve \u00e7\u00f6plerle dolu haliyle b\u00fcy\u00fck tepki topluyor.<br \/>\n<br \/>Mahalle sakinleri, \u00f6zellikle k\u00fc\u00e7\u00fck \u00e7ocuklar\u0131n bu tehlikeli ortamdan olumsuz etkilenece\u011fi konusunda yetkilileri g\u00f6reve \u00e7a\u011f\u0131r\u0131yor. Bir mahalle sakini, &#8220;Buras\u0131 bir \u00e7ocuk park\u0131. En k\u00fc\u00e7\u00fc\u011f\u00fc 2 ya\u015f\u0131nda, benim o\u011flum da dahil olmak \u00fczere onlarca \u00e7ocuk burada oynuyor. K\u0131r\u0131k alkol \u015fi\u015felerinin burada ne i\u015fi var? Bu \u00e7ocuklardan biri bas\u0131p d\u00fc\u015fse, vebalini kim \u00f6deyebilir?&#8221; diyerek tepkisini dile getirdi.<br \/>\n<br \/>Parktan payla\u015f\u0131lan g\u00f6r\u00fcnt\u00fclerde, alan\u0131n adeta bir \u00e7\u00f6pl\u00fc\u011f\u00fc and\u0131rd\u0131\u011f\u0131 ve temizlik \u015fartlar\u0131ndan tamamen uzak oldu\u011fu g\u00f6r\u00fcl\u00fcyor. Mahalle halk\u0131, bu g\u00f6r\u00fcnt\u00fclerin sorumlular\u0131n\u0131n tespit edilerek cezai i\u015flem uygulanmas\u0131n\u0131 ve park\u0131n ivedilikle temizlenerek \u00e7ocuklar i\u00e7in g\u00fcvenli hale getirilmesini talep ediyor.<br \/>\n<br \/>Vatanda\u015flar, yetkililerin konuya duyars\u0131z kalmamas\u0131 ve muhtemel bir kazan\u0131n \u00f6n\u00fcne ge\u00e7ilmesi i\u00e7in acilen harekete ge\u00e7ilmesini bekliyor. Aksi halde ya\u015fanabilecek olumsuzluklar\u0131n sorumlulu\u011funun kimde olaca\u011f\u0131 ise \u015fimdiden tart\u0131\u015fma konusu haline geldi.<br \/><\/p>\n","protected":false},"excerpt":{"rendered":"<p>K\u00fctahya\u2019n\u0131n Tav\u015fanl\u0131 il\u00e7esi Karakova Mahallesi\u2019ndeki \u00e7ocuk park\u0131n\u0131n i\u00e7ler ac\u0131s\u0131 durumu, mahalle halk\u0131n\u0131 endi\u015feye sevk etti. Yaz mevsiminin gelmesiyle birlikte \u00e7ocuklar\u0131n yo\u011fun olarak kulland\u0131\u011f\u0131 park alan\u0131, k\u0131r\u0131k alkol \u015fi\u015feleri ve \u00e7\u00f6plerle dolu haliyle b\u00fcy\u00fck tepki topluyor. Mahalle sakinleri, \u00f6zellikle k\u00fc\u00e7\u00fck \u00e7ocuklar\u0131n bu tehlikeli ortamdan olumsuz etkilenece\u011fi konusunda yetkilileri g\u00f6reve \u00e7a\u011f\u0131r\u0131yor. Bir mahalle sakini, &#8220;Buras\u0131 bir \u00e7ocuk&#8230;<\/p>\n","protected":false},"author":1,"featured_media":40741,"comment_status":"open","ping_status":"open","sticky":false,"template":"","format":"standard","meta":{"_crdt_document":"","footnotes":""},"categories":[1],"tags":[],"class_list":["post-40740","post","type-post","status-publish","format-standard","has-post-thumbnail","hentry","category-guncel"],"_links":{"self":[{"href":"https:\/\/www.egemtv.com\/index.php?rest_route=\/wp\/v2\/posts\/40740","targetHints":{"allow":["GET"]}}],"collection":[{"href":"https:\/\/www.egemtv.com\/index.php?rest_route=\/wp\/v2\/posts"}],"about":[{"href":"https:\/\/www.egemtv.com\/index.php?rest_route=\/wp\/v2\/types\/post"}],"author":[{"embeddable":true,"href":"https:\/\/www.egemtv.com\/index.php?rest_route=\/wp\/v2\/users\/1"}],"replies":[{"embeddable":true,"href":"https:\/\/www.egemtv.com\/index.php?rest_route=%2Fwp%2Fv2%2Fcomments&post=40740"}],"version-history":[{"count":1,"href":"https:\/\/www.egemtv.com\/index.php?rest_route=\/wp\/v2\/posts\/40740\/revisions"}],"predecessor-version":[{"id":40742,"href":"https:\/\/www.egemtv.com\/index.php?rest_route=\/wp\/v2\/posts\/40740\/revisions\/40742"}],"wp:featuredmedia":[{"embeddable":true,"href":"https:\/\/www.egemtv.com\/index.php?rest_route=\/wp\/v2\/media\/40741"}],"wp:attachment":[{"href":"https:\/\/www.egemtv.com\/index.php?rest_route=%2Fwp%2Fv2%2Fmedia&parent=40740"}],"wp:term":[{"taxonomy":"category","embeddable":true,"href":"https:\/\/www.egemtv.com\/index.php?rest_route=%2Fwp%2Fv2%2Fcategories&post=40740"},{"taxonomy":"post_tag","embeddable":true,"href":"https:\/\/www.egemtv.com\/index.php?rest_route=%2Fwp%2Fv2%2Ftags&post=40740"}],"curies":[{"name":"wp","href":"https:\/\/api.w.org\/{rel}","templated":true}]}}