{"id":40737,"date":"2025-07-08T16:16:05","date_gmt":"2025-07-08T13:16:05","guid":{"rendered":"https:\/\/www.egemtv.com\/?p=40737"},"modified":"2025-07-08T16:16:10","modified_gmt":"2025-07-08T13:16:10","slug":"muglada-koruma-altindaki-cocuklarin-yasam-kosullarinin-iyilestirilmesi-icin-is-birligi-protokolu-imzalandi","status":"publish","type":"post","link":"https:\/\/www.egemtv.com\/?p=40737","title":{"rendered":"Mu\u011fla\u2019da koruma alt\u0131ndaki \u00e7ocuklar\u0131n ya\u015fam ko\u015fullar\u0131n\u0131n iyile\u015ftirilmesi i\u00e7in i\u015f birli\u011fi protokol\u00fc imzaland\u0131"},"content":{"rendered":"<p>Mu\u011fla\u2019da korunma alt\u0131ndaki \u00e7ocuklar\u0131n ya\u015fam ko\u015fullar\u0131n\u0131 iyile\u015ftirmek amac\u0131yla sosyal sorumluluk projesi haz\u0131rland\u0131. Bu \u00e7er\u00e7evede Mu\u011fla Aile ve Sosyal Hizmetler \u0130l M\u00fcd\u00fcrl\u00fc\u011f\u00fc ile \u00f6zel bir firma aras\u0131nda \u00e7ocuk evlerinin kira giderlerine katk\u0131 sa\u011flanmas\u0131 amac\u0131yla protokol imzaland\u0131.<br \/>\n<br \/>Sosyal sorumluluk \u00e7er\u00e7evesinde yap\u0131lan bu anlaml\u0131 i\u015f birli\u011fi kapsam\u0131nda, Mu\u011fla\u2019da hizmete al\u0131nacak iki yeni \u00e7ocuk evi i\u00e7in bir y\u0131ll\u0131k kira s\u00f6zle\u015fmesi imzalanarak \u00f6nemli bir destek sa\u011fland\u0131. Protokol t\u00f6reni projeye destek veren \u00f6zel bir firmada ger\u00e7ekle\u015ftirildi. T\u00f6rene Mu\u011fla Aile ve Sosyal Hizmetler \u0130l M\u00fcd\u00fcr\u00fc Yakup K\u00fct\u00fck ile firma yetkilileri kat\u0131ld\u0131.<br \/>\n<br \/>T\u00f6rende konu\u015fan \u0130l M\u00fcd\u00fcr\u00fc Yakup K\u00fct\u00fck, protokol s\u00fcrecine Mu\u011fla Valisi Dr. \u0130dris Akb\u0131y\u0131k\u2019\u0131n da destek verdi\u011fini vurgulayarak, &#8220;Say\u0131n Valimizin \u00f6nc\u00fcl\u00fc\u011f\u00fc ve deste\u011fiyle bu i\u015f birli\u011fini hayata ge\u00e7irdik. Kendisine te\u015fekk\u00fcr ediyoruz. Bu t\u00fcr i\u015f birlikleriyle \u00e7ocuklar\u0131m\u0131z\u0131n ya\u015fam kalitesini art\u0131rmak ad\u0131na \u00f6nemli ad\u0131mlar at\u0131yoruz,&#8221; dedi.<br \/>\n<br \/>Yap\u0131lan bu protokol\u00dcn, kamu-\u00f6zel sekt\u00f6r i\u015f birli\u011finin ba\u015far\u0131l\u0131 bir \u00f6rne\u011fi oldu\u011fu, korunma alt\u0131ndaki \u00e7ocuklara daha g\u00fcvenli ve konforlu ya\u015fam alanlar\u0131 sunulmas\u0131na katk\u0131 sa\u011flad\u0131\u011f\u0131 belirtildi.<br \/><\/p>\n","protected":false},"excerpt":{"rendered":"<p>Mu\u011fla\u2019da korunma alt\u0131ndaki \u00e7ocuklar\u0131n ya\u015fam ko\u015fullar\u0131n\u0131 iyile\u015ftirmek amac\u0131yla sosyal sorumluluk projesi haz\u0131rland\u0131. Bu \u00e7er\u00e7evede Mu\u011fla Aile ve Sosyal Hizmetler \u0130l M\u00fcd\u00fcrl\u00fc\u011f\u00fc ile \u00f6zel bir firma aras\u0131nda \u00e7ocuk evlerinin kira giderlerine katk\u0131 sa\u011flanmas\u0131 amac\u0131yla protokol imzaland\u0131. Sosyal sorumluluk \u00e7er\u00e7evesinde yap\u0131lan bu anlaml\u0131 i\u015f birli\u011fi kapsam\u0131nda, Mu\u011fla\u2019da hizmete al\u0131nacak iki yeni \u00e7ocuk evi i\u00e7in bir y\u0131ll\u0131k kira&#8230;<\/p>\n","protected":false},"author":1,"featured_media":40738,"comment_status":"open","ping_status":"open","sticky":false,"template":"","format":"standard","meta":{"_crdt_document":"","footnotes":""},"categories":[1],"tags":[],"class_list":["post-40737","post","type-post","status-publish","format-standard","has-post-thumbnail","hentry","category-guncel"],"_links":{"self":[{"href":"https:\/\/www.egemtv.com\/index.php?rest_route=\/wp\/v2\/posts\/40737","targetHints":{"allow":["GET"]}}],"collection":[{"href":"https:\/\/www.egemtv.com\/index.php?rest_route=\/wp\/v2\/posts"}],"about":[{"href":"https:\/\/www.egemtv.com\/index.php?rest_route=\/wp\/v2\/types\/post"}],"author":[{"embeddable":true,"href":"https:\/\/www.egemtv.com\/index.php?rest_route=\/wp\/v2\/users\/1"}],"replies":[{"embeddable":true,"href":"https:\/\/www.egemtv.com\/index.php?rest_route=%2Fwp%2Fv2%2Fcomments&post=40737"}],"version-history":[{"count":1,"href":"https:\/\/www.egemtv.com\/index.php?rest_route=\/wp\/v2\/posts\/40737\/revisions"}],"predecessor-version":[{"id":40739,"href":"https:\/\/www.egemtv.com\/index.php?rest_route=\/wp\/v2\/posts\/40737\/revisions\/40739"}],"wp:featuredmedia":[{"embeddable":true,"href":"https:\/\/www.egemtv.com\/index.php?rest_route=\/wp\/v2\/media\/40738"}],"wp:attachment":[{"href":"https:\/\/www.egemtv.com\/index.php?rest_route=%2Fwp%2Fv2%2Fmedia&parent=40737"}],"wp:term":[{"taxonomy":"category","embeddable":true,"href":"https:\/\/www.egemtv.com\/index.php?rest_route=%2Fwp%2Fv2%2Fcategories&post=40737"},{"taxonomy":"post_tag","embeddable":true,"href":"https:\/\/www.egemtv.com\/index.php?rest_route=%2Fwp%2Fv2%2Ftags&post=40737"}],"curies":[{"name":"wp","href":"https:\/\/api.w.org\/{rel}","templated":true}]}}