{"id":40716,"date":"2025-07-08T15:35:56","date_gmt":"2025-07-08T12:35:56","guid":{"rendered":"https:\/\/www.egemtv.com\/?p=40716"},"modified":"2025-07-08T15:35:59","modified_gmt":"2025-07-08T12:35:59","slug":"serada-calisan-26-isci-zehirlenme-suphesiyle-hastanelere-kaldirildi","status":"publish","type":"post","link":"https:\/\/www.egemtv.com\/?p=40716","title":{"rendered":"Serada \u00e7al\u0131\u015fan 26 i\u015f\u00e7i zehirlenme \u015f\u00fcphesiyle hastanelere kald\u0131r\u0131ld\u0131"},"content":{"rendered":"<p>Denizli\u2019de birka\u00e7 g\u00fcn \u00f6nce ila\u00e7lama yap\u0131lan seray\u0131 temizlemek i\u00e7in i\u00e7eriye giren 26 i\u015f\u00e7i, zehirlenme belirtilerinin ortaya \u00e7\u0131kmas\u0131 \u00fczerine hastanelere kald\u0131r\u0131larak tedavi alt\u0131na al\u0131nd\u0131.<br \/>\n<br \/>Olay, Sarayk\u00f6y il\u00e7esinde faaliyet g\u00f6steren bir serada meydana geldi. Edinilen bilgilere g\u00f6re; birka\u00e7 g\u00fcn \u00f6nce ila\u00e7lama yap\u0131lan seray\u0131 temizlemek i\u00e7in i\u00e7eriye giren 26 i\u015f\u00e7ide, bir s\u00fcre mide bulant\u0131s\u0131 ve a\u015f\u0131r\u0131 kusma \u015fikayetleri ortaya \u00e7\u0131kt\u0131. Durumu fark eden di\u011fer \u00e7al\u0131\u015fma arkada\u015flar\u0131n\u0131n m\u00fcdahalesiyle 26 ki\u015fi seradan \u00e7\u0131kar\u0131ld\u0131. 112 Acil \u00c7a\u011fr\u0131 Merkezine yap\u0131lan ihbar \u00fczerine b\u00f6lgeye sevk edilen sa\u011fl\u0131k ekipleri, zehirlenme belirtileri g\u00f6steren 26 i\u015f\u00e7iyi, \u00e7evre hastanelere kald\u0131rd\u0131.<\/p>\n<p>Pamukkale \u00dcniversitesi T\u0131p Fak\u00fcltesi Hastanesi, Denizli Devlet Hastanesi ve Servergazi Devlet Hastanelerime kald\u0131r\u0131lan i\u015f\u00e7ilerin tedavilerinin s\u00fcrd\u00fc\u011f\u00fc \u00f6\u011frenildi.<br \/>\n<br \/>Olayla ilgili soru\u015fturma ba\u015flat\u0131ld\u0131.<br \/><\/p>\n","protected":false},"excerpt":{"rendered":"<p>Denizli\u2019de birka\u00e7 g\u00fcn \u00f6nce ila\u00e7lama yap\u0131lan seray\u0131 temizlemek i\u00e7in i\u00e7eriye giren 26 i\u015f\u00e7i, zehirlenme belirtilerinin ortaya \u00e7\u0131kmas\u0131 \u00fczerine hastanelere kald\u0131r\u0131larak tedavi alt\u0131na al\u0131nd\u0131. Olay, Sarayk\u00f6y il\u00e7esinde faaliyet g\u00f6steren bir serada meydana geldi. Edinilen bilgilere g\u00f6re; birka\u00e7 g\u00fcn \u00f6nce ila\u00e7lama yap\u0131lan seray\u0131 temizlemek i\u00e7in i\u00e7eriye giren 26 i\u015f\u00e7ide, bir s\u00fcre mide bulant\u0131s\u0131 ve a\u015f\u0131r\u0131 kusma \u015fikayetleri&#8230;<\/p>\n","protected":false},"author":1,"featured_media":40717,"comment_status":"open","ping_status":"open","sticky":false,"template":"","format":"standard","meta":{"_crdt_document":"","footnotes":""},"categories":[5],"tags":[],"class_list":["post-40716","post","type-post","status-publish","format-standard","has-post-thumbnail","hentry","category-asayis"],"_links":{"self":[{"href":"https:\/\/www.egemtv.com\/index.php?rest_route=\/wp\/v2\/posts\/40716","targetHints":{"allow":["GET"]}}],"collection":[{"href":"https:\/\/www.egemtv.com\/index.php?rest_route=\/wp\/v2\/posts"}],"about":[{"href":"https:\/\/www.egemtv.com\/index.php?rest_route=\/wp\/v2\/types\/post"}],"author":[{"embeddable":true,"href":"https:\/\/www.egemtv.com\/index.php?rest_route=\/wp\/v2\/users\/1"}],"replies":[{"embeddable":true,"href":"https:\/\/www.egemtv.com\/index.php?rest_route=%2Fwp%2Fv2%2Fcomments&post=40716"}],"version-history":[{"count":1,"href":"https:\/\/www.egemtv.com\/index.php?rest_route=\/wp\/v2\/posts\/40716\/revisions"}],"predecessor-version":[{"id":40718,"href":"https:\/\/www.egemtv.com\/index.php?rest_route=\/wp\/v2\/posts\/40716\/revisions\/40718"}],"wp:featuredmedia":[{"embeddable":true,"href":"https:\/\/www.egemtv.com\/index.php?rest_route=\/wp\/v2\/media\/40717"}],"wp:attachment":[{"href":"https:\/\/www.egemtv.com\/index.php?rest_route=%2Fwp%2Fv2%2Fmedia&parent=40716"}],"wp:term":[{"taxonomy":"category","embeddable":true,"href":"https:\/\/www.egemtv.com\/index.php?rest_route=%2Fwp%2Fv2%2Fcategories&post=40716"},{"taxonomy":"post_tag","embeddable":true,"href":"https:\/\/www.egemtv.com\/index.php?rest_route=%2Fwp%2Fv2%2Ftags&post=40716"}],"curies":[{"name":"wp","href":"https:\/\/api.w.org\/{rel}","templated":true}]}}