{"id":40713,"date":"2025-07-08T15:17:19","date_gmt":"2025-07-08T12:17:19","guid":{"rendered":"https:\/\/www.egemtv.com\/?p=40713"},"modified":"2025-07-08T15:17:24","modified_gmt":"2025-07-08T12:17:24","slug":"incirliovada-cocuklar-saglikli-bir-yaz-gecirecek","status":"publish","type":"post","link":"https:\/\/www.egemtv.com\/?p=40713","title":{"rendered":"\u0130ncirliova\u2019da \u00e7ocuklar sa\u011fl\u0131kl\u0131 bir yaz ge\u00e7irecek"},"content":{"rendered":"<p>\u0130ncirliova Belediyesi ile Gen\u00e7lik ve Spor \u0130l\u00e7e M\u00fcd\u00fcrl\u00fc\u011f\u00fc i\u015f birli\u011finde d\u00fczenlenen Yaz Spor Okullar\u0131, bu y\u0131l da b\u00fcy\u00fck bir co\u015fkuyla ba\u015flad\u0131. Yakla\u015f\u0131k 250 \u00e7ocu\u011fun 7 farkl\u0131 bran\u015fta e\u011fitim alaca\u011f\u0131 kurslar\u0131n a\u00e7\u0131l\u0131\u015f t\u00f6reni, \u0130ncirliova Kapal\u0131 Spor Salonu yan\u0131ndaki sentetik sahada ger\u00e7ekle\u015ftirildi.<br \/>\n<br \/>A\u00e7\u0131l\u0131\u015fa kat\u0131lan \u0130ncirliova Belediye Ba\u015fkan\u0131 Aytekin Kaya, hem \u00e7ocuklarla hem de velilerle yak\u0131ndan ilgilenerek sporculara formalar\u0131n\u0131 da\u011f\u0131tt\u0131. 7 ila 14 ya\u015f aras\u0131 \u00e7ocuklar\u0131n kat\u0131l\u0131m sa\u011flad\u0131\u011f\u0131 etkinlikte Ba\u015fkan Kaya, minik kursiyerlerle sohbet edip tavsiyelerde bulundu. Atletizm, futbol, voleybol, hentbol, basketbol, g\u00fcre\u015f ve tenis bran\u015flar\u0131nda verilecek e\u011fitimlerle \u00e7ocuklar\u0131n fiziksel ve zihinsel geli\u015fimine katk\u0131 sa\u011flamay\u0131 ama\u00e7layan kurslar, 22 A\u011fustosa kadar devam edecek.<br \/>\n<br \/>Yaz Spor Okullar\u0131 a\u00e7\u0131l\u0131\u015f t\u00f6reninde konu\u015fan Ba\u015fkan Kaya, &#8220;Her sene oldu\u011fu gibi bu y\u0131l da \u00e7ocuklar\u0131m\u0131z\u0131n yaz tatilinde kaliteli zaman ge\u00e7irmelerini sa\u011flayacak \u00e7ok g\u00fczel bir kurs program\u0131 haz\u0131rlad\u0131k. Alanlar\u0131nda ba\u015far\u0131l\u0131 hocalar\u0131m\u0131z e\u015fli\u011finde \u00e7ocuklar\u0131m\u0131z yeteneklerini ke\u015ffedecek, geli\u015ftirecek ve sa\u011fl\u0131kl\u0131 bir yaz ge\u00e7irecek. Kurslar\u0131m\u0131za kat\u0131lan \u00e7ocuklar\u0131m\u0131z ayn\u0131 zamanda nezih bir ortamda sosyalle\u015ferek yeni arkada\u015fl\u0131klar kurma imkan\u0131 bulacak&#8221; dedi.<br \/>\n<br \/>Kurslar\u0131n \u00e7ocuklar\u0131n geli\u015fimi i\u00e7in \u00f6nemine de\u011finen Ba\u015fkan Kaya, &#8220;En \u00f6nemli ama\u00e7lar\u0131m\u0131zdan biri de \u00e7ocuklar\u0131m\u0131z\u0131 dijital ba\u011f\u0131ml\u0131l\u0131ktan ve k\u00f6t\u00fc al\u0131\u015fkanl\u0131klardan uzak tutarken, onlar\u0131 spora y\u00f6nlendirerek sa\u011fl\u0131kl\u0131 bireyler olarak yeti\u015fmelerine katk\u0131 sa\u011flamak. \u0130l\u00e7emizde sporun geli\u015fmesi, yeni sporcular yeti\u015fmesi ve ayd\u0131nl\u0131k gelece\u011fimizin teminat\u0131 olan \u00e7ocuklar\u0131m\u0131z\u0131n spor ile i\u00e7 i\u00e7e b\u00fcy\u00fcmesi i\u00e7in var g\u00fcc\u00fcm\u00fczle \u00e7al\u0131\u015fmaya devam edece\u011fiz&#8221; ifadelerini kulland\u0131.<br \/><\/p>\n","protected":false},"excerpt":{"rendered":"<p>\u0130ncirliova Belediyesi ile Gen\u00e7lik ve Spor \u0130l\u00e7e M\u00fcd\u00fcrl\u00fc\u011f\u00fc i\u015f birli\u011finde d\u00fczenlenen Yaz Spor Okullar\u0131, bu y\u0131l da b\u00fcy\u00fck bir co\u015fkuyla ba\u015flad\u0131. Yakla\u015f\u0131k 250 \u00e7ocu\u011fun 7 farkl\u0131 bran\u015fta e\u011fitim alaca\u011f\u0131 kurslar\u0131n a\u00e7\u0131l\u0131\u015f t\u00f6reni, \u0130ncirliova Kapal\u0131 Spor Salonu yan\u0131ndaki sentetik sahada ger\u00e7ekle\u015ftirildi. A\u00e7\u0131l\u0131\u015fa kat\u0131lan \u0130ncirliova Belediye Ba\u015fkan\u0131 Aytekin Kaya, hem \u00e7ocuklarla hem de velilerle yak\u0131ndan ilgilenerek sporculara&#8230;<\/p>\n","protected":false},"author":1,"featured_media":40714,"comment_status":"open","ping_status":"open","sticky":false,"template":"","format":"standard","meta":{"_crdt_document":"","footnotes":""},"categories":[1],"tags":[],"class_list":["post-40713","post","type-post","status-publish","format-standard","has-post-thumbnail","hentry","category-guncel"],"_links":{"self":[{"href":"https:\/\/www.egemtv.com\/index.php?rest_route=\/wp\/v2\/posts\/40713","targetHints":{"allow":["GET"]}}],"collection":[{"href":"https:\/\/www.egemtv.com\/index.php?rest_route=\/wp\/v2\/posts"}],"about":[{"href":"https:\/\/www.egemtv.com\/index.php?rest_route=\/wp\/v2\/types\/post"}],"author":[{"embeddable":true,"href":"https:\/\/www.egemtv.com\/index.php?rest_route=\/wp\/v2\/users\/1"}],"replies":[{"embeddable":true,"href":"https:\/\/www.egemtv.com\/index.php?rest_route=%2Fwp%2Fv2%2Fcomments&post=40713"}],"version-history":[{"count":1,"href":"https:\/\/www.egemtv.com\/index.php?rest_route=\/wp\/v2\/posts\/40713\/revisions"}],"predecessor-version":[{"id":40715,"href":"https:\/\/www.egemtv.com\/index.php?rest_route=\/wp\/v2\/posts\/40713\/revisions\/40715"}],"wp:featuredmedia":[{"embeddable":true,"href":"https:\/\/www.egemtv.com\/index.php?rest_route=\/wp\/v2\/media\/40714"}],"wp:attachment":[{"href":"https:\/\/www.egemtv.com\/index.php?rest_route=%2Fwp%2Fv2%2Fmedia&parent=40713"}],"wp:term":[{"taxonomy":"category","embeddable":true,"href":"https:\/\/www.egemtv.com\/index.php?rest_route=%2Fwp%2Fv2%2Fcategories&post=40713"},{"taxonomy":"post_tag","embeddable":true,"href":"https:\/\/www.egemtv.com\/index.php?rest_route=%2Fwp%2Fv2%2Ftags&post=40713"}],"curies":[{"name":"wp","href":"https:\/\/api.w.org\/{rel}","templated":true}]}}