{"id":40710,"date":"2025-07-08T15:17:15","date_gmt":"2025-07-08T12:17:15","guid":{"rendered":"https:\/\/www.egemtv.com\/?p=40710"},"modified":"2025-07-08T15:17:19","modified_gmt":"2025-07-08T12:17:19","slug":"buyuksehir-belediyesinden-vatandaslara-asure-ikrami","status":"publish","type":"post","link":"https:\/\/www.egemtv.com\/?p=40710","title":{"rendered":"B\u00fcy\u00fck\u015fehir Belediyesi\u2019nden vatanda\u015flara a\u015fure ikram\u0131"},"content":{"rendered":"<p>Muharrem ay\u0131n\u0131n payla\u015fma ve dayan\u0131\u015fma ruhunu ya\u015fatmaya devam eden Ayd\u0131n B\u00fcy\u00fck\u015fehir Belediyesi, bu y\u0131l da geleneksel a\u015fure ikram\u0131n\u0131 s\u00fcrd\u00fcrd\u00fc.<br \/>\n<br \/>Efeler, S\u00f6ke ve Nazilli\u2019de kurulan stantlarda 6 bin 500 ki\u015fiye a\u015fure da\u011f\u0131t\u0131ld\u0131. Ayd\u0131n B\u00fcy\u00fck\u015fehir Belediye Ba\u015fkan\u0131 \u00d6zlem \u00c7er\u00e7io\u011flu, Muharrem ay\u0131n\u0131n bolluk, bereket, dostluk ve huzur getirmesini temenni etti.<br \/>\n<br \/>Efeler\u2019de Ayd\u0131n B\u00fcy\u00fck\u015fehir Belediyesi \u00f6n\u00fc, S\u00f6ke\u2019de Koca Cami \u00f6n\u00fc ve Nazilli\u2019de Alt\u0131nta\u015f Mahallesi Uzun \u00c7ar\u015f\u0131 giri\u015finde 6 bin 500 ki\u015fiye a\u015fure ikram edildi. A\u015fure ikram\u0131ndan memnun kald\u0131klar\u0131n\u0131 belirten vatanda\u015flar, bu g\u00fczel gelene\u011fi s\u00fcrd\u00fcrd\u00fc\u011f\u00fc i\u00e7in Ba\u015fkan \u00c7er\u00e7io\u011flu\u2019na te\u015fekk\u00fcr etti.<br \/><\/p>\n","protected":false},"excerpt":{"rendered":"<p>Muharrem ay\u0131n\u0131n payla\u015fma ve dayan\u0131\u015fma ruhunu ya\u015fatmaya devam eden Ayd\u0131n B\u00fcy\u00fck\u015fehir Belediyesi, bu y\u0131l da geleneksel a\u015fure ikram\u0131n\u0131 s\u00fcrd\u00fcrd\u00fc. Efeler, S\u00f6ke ve Nazilli\u2019de kurulan stantlarda 6 bin 500 ki\u015fiye a\u015fure da\u011f\u0131t\u0131ld\u0131. Ayd\u0131n B\u00fcy\u00fck\u015fehir Belediye Ba\u015fkan\u0131 \u00d6zlem \u00c7er\u00e7io\u011flu, Muharrem ay\u0131n\u0131n bolluk, bereket, dostluk ve huzur getirmesini temenni etti. Efeler\u2019de Ayd\u0131n B\u00fcy\u00fck\u015fehir Belediyesi \u00f6n\u00fc, S\u00f6ke\u2019de Koca Cami&#8230;<\/p>\n","protected":false},"author":1,"featured_media":40711,"comment_status":"open","ping_status":"open","sticky":false,"template":"","format":"standard","meta":{"_crdt_document":"","footnotes":""},"categories":[1],"tags":[],"class_list":["post-40710","post","type-post","status-publish","format-standard","has-post-thumbnail","hentry","category-guncel"],"_links":{"self":[{"href":"https:\/\/www.egemtv.com\/index.php?rest_route=\/wp\/v2\/posts\/40710","targetHints":{"allow":["GET"]}}],"collection":[{"href":"https:\/\/www.egemtv.com\/index.php?rest_route=\/wp\/v2\/posts"}],"about":[{"href":"https:\/\/www.egemtv.com\/index.php?rest_route=\/wp\/v2\/types\/post"}],"author":[{"embeddable":true,"href":"https:\/\/www.egemtv.com\/index.php?rest_route=\/wp\/v2\/users\/1"}],"replies":[{"embeddable":true,"href":"https:\/\/www.egemtv.com\/index.php?rest_route=%2Fwp%2Fv2%2Fcomments&post=40710"}],"version-history":[{"count":1,"href":"https:\/\/www.egemtv.com\/index.php?rest_route=\/wp\/v2\/posts\/40710\/revisions"}],"predecessor-version":[{"id":40712,"href":"https:\/\/www.egemtv.com\/index.php?rest_route=\/wp\/v2\/posts\/40710\/revisions\/40712"}],"wp:featuredmedia":[{"embeddable":true,"href":"https:\/\/www.egemtv.com\/index.php?rest_route=\/wp\/v2\/media\/40711"}],"wp:attachment":[{"href":"https:\/\/www.egemtv.com\/index.php?rest_route=%2Fwp%2Fv2%2Fmedia&parent=40710"}],"wp:term":[{"taxonomy":"category","embeddable":true,"href":"https:\/\/www.egemtv.com\/index.php?rest_route=%2Fwp%2Fv2%2Fcategories&post=40710"},{"taxonomy":"post_tag","embeddable":true,"href":"https:\/\/www.egemtv.com\/index.php?rest_route=%2Fwp%2Fv2%2Ftags&post=40710"}],"curies":[{"name":"wp","href":"https:\/\/api.w.org\/{rel}","templated":true}]}}