{"id":40707,"date":"2025-07-08T14:58:08","date_gmt":"2025-07-08T11:58:08","guid":{"rendered":"https:\/\/www.egemtv.com\/?p=40707"},"modified":"2025-07-08T14:58:24","modified_gmt":"2025-07-08T11:58:24","slug":"baskan-kasapoglu-surdurulebilir-kalkinma-guclu-bir-uretim-ekonomisiyle-mumkundur","status":"publish","type":"post","link":"https:\/\/www.egemtv.com\/?p=40707","title":{"rendered":"Ba\u015fkan Kasapo\u011flu: &#8220;S\u00fcrd\u00fcr\u00fclebilir kalk\u0131nma, g\u00fc\u00e7l\u00fc bir \u00fcretim ekonomisiyle m\u00fcmk\u00fcnd\u00fcr&#8221;"},"content":{"rendered":"<p>Denizli Sanayi Odas\u0131 (DSO) Meclisi 2025 Y\u0131l\u0131 Temmuz Ay\u0131 Ola\u011fan Toplant\u0131s\u0131\u2019nda konu\u015fan Y\u00f6netim Kurulu Ba\u015fkan\u0131 Selim Kasapo\u011flu, &#8220;Refah\u0131n artmas\u0131, istihdam\u0131n sa\u011flanmas\u0131 ve s\u00fcrd\u00fcr\u00fclebilir kalk\u0131nma ancak ve ancak g\u00fc\u00e7l\u00fc bir \u00fcretim ekonomisiyle m\u00fcmk\u00fcnd\u00fcr. \u00dclke ekonomisinin gelece\u011fi i\u00e7in ekonominin ve \u00fcretimin \u00f6ncelikli g\u00fcndem olmas\u0131 gerekiyor.&#8221; dedi.<\/p>\n<p>Denizli Sanayi Odas\u0131 Meclisi 2025 Y\u0131l\u0131 Temmuz Ay\u0131 Ola\u011fan Toplant\u0131s\u0131, Odam\u0131z M\u00fcjdat Ke\u00e7eci Meclis Salonu\u2019nda yap\u0131ld\u0131. Meclis Ba\u015fkan\u0131 \u0130. Okan Konyal\u0131o\u011flu\u2019nun oturumu a\u00e7mas\u0131yla ba\u015flayan toplant\u0131da, Pen\u00e7e-Kilit Operasyonu b\u00f6lgesinde arama-tarama faaliyetleri s\u0131ras\u0131nda \u015fehit d\u00fc\u015fen askerlerimiz i\u00e7in sayg\u0131 duru\u015funda bulunuldu.<br \/>\n<br \/>Meclis\u2019in g\u00fcndeminde; son bir ayda ger\u00e7ekle\u015ftirilen faaliyetler, genel ekonomik g\u00f6r\u00fcn\u00fcm ve sanayinin kar\u015f\u0131 kar\u015f\u0131ya oldu\u011fu g\u00fcncel sorunlar yer ald\u0131. DSO Y\u00f6netim Kurulu Ba\u015fkan\u0131 Selim Kasapo\u011flu yapt\u0131\u011f\u0131 konu\u015fmada, T\u00fcrkiye ve d\u00fcnya g\u00fcndemi, Haziran ay\u0131 ihracat rakamlar\u0131 ve Denizli ihracat\u0131, PMI Endeksleri, enflasyon verileri, konkordato kararlar\u0131, kar\u015f\u0131l\u0131ks\u0131z \u00e7ekler, istihdam ve i\u015fsizlik rakamlar\u0131 gibi \u00f6nemli ba\u015fl\u0131klara de\u011findi.<\/p>\n<p>&#8220;Sanayici, ekonomi politikas\u0131n\u0131n bedelini \u00f6demeye devam ediyor&#8221;<br \/>\n<br \/>T\u00fcrkiye ekonomisinde artan endi\u015felere, rekabet g\u00fcc\u00fc kayb\u0131na ve enflasyon bask\u0131s\u0131n\u0131n sanayiye yans\u0131malar\u0131na dikkat \u00e7eken Ba\u015fkan Kasapo\u011flu, &#8220;Ya\u015fad\u0131\u011f\u0131m\u0131z ekonomik s\u0131k\u0131nt\u0131lar artarak devam ediyor. T\u00fcrkiye\u2019nin uygulad\u0131\u011f\u0131 ekonomi politikas\u0131n\u0131n bedelini sanayicimiz \u00f6demeye devam ediyor. Firmalar\u0131m\u0131z\u0131n finansman kaynaklar\u0131na ula\u015fmakta ya\u015fad\u0131\u011f\u0131 zorluklar, zaten daralan piyasalarda i\u015flerimizi daha da zorla\u015ft\u0131r\u0131yor. Bu ekonomik politikalar\u0131n olumsuz etkileri en \u00e7ok T\u00fcrk sanayisini vuruyor. \u0130hracat rakamlar\u0131m\u0131zda da durum farkl\u0131 de\u011fil. \u0130hracat\u0131m\u0131z nicelik olarak artsa da fiyat tutturmakta zorlan\u0131yoruz. Pazarlar\u0131m\u0131z\u0131 kaybetmemek ad\u0131na, k\u00e2r marjlar\u0131m\u0131zdan feragat ederek sipari\u015f almaya ve \u00e7arklar\u0131m\u0131z\u0131 d\u00f6nd\u00fcrmeye \u00e7al\u0131\u015f\u0131yoruz. Sanayimiz hem istihdam hem de sermaye anlam\u0131nda rekabet g\u00fcc\u00fcn\u00fc yitiriyor. \u0130stihdam taraf\u0131na bakt\u0131\u011f\u0131m\u0131zda i\u015fsizlik rakamlar\u0131 geriliyor gibi g\u00f6r\u00fcnse de alt k\u0131r\u0131l\u0131mlarda \u00f6nemli veriler var.&#8221; dedi.<\/p>\n<p>&#8220;Ekonomi ve \u00fcretim \u00f6nceli\u011fimiz olmal\u0131&#8221;<br \/>\n<br \/>Sanayicinin ya\u015fad\u0131\u011f\u0131 finansmana eri\u015fim sorunlar\u0131na de\u011finen Ba\u015fkan Kasapo\u011flu, &#8220;Finansmana eri\u015fimde ya\u015fanan s\u0131k\u0131nt\u0131lar, i\u015f d\u00fcnyas\u0131n\u0131n en b\u00fcy\u00fck sorunlar\u0131ndan biri. Y\u00fcksek faiz oranlar\u0131 firmalar\u0131m\u0131z\u0131 darbo\u011faza sokuyor. Artan maliyetler, girdi fiyatlar\u0131ndaki y\u00fckseli\u015f ve kur dalgalanmalar\u0131, \u00fcretim maliyetlerimizi s\u00fcrekli yukar\u0131 \u00e7ekiyor. Bu durum, hem i\u00e7 piyasada t\u00fcketicinin al\u0131m g\u00fcc\u00fcn\u00fc d\u00fc\u015f\u00fcr\u00fcyor hem de ihracat\u00e7\u0131m\u0131z\u0131n uluslararas\u0131 pazarlarda rekabet etmesini zorla\u015ft\u0131r\u0131yor. \u00d6n\u00fcm\u00fcz\u00fc g\u00f6remedi\u011fimiz bir ortamda, orta ve uzun vadeli planlamalar yapmak neredeyse imk\u00e2ns\u0131z hale geliyor. \u00dclke ekonomisinin gelece\u011fi i\u00e7in ekonominin ve \u00fcretimin \u00f6ncelikli g\u00fcndem olmas\u0131 gerekiyor. \u00dcretimi ve refah seviyesini art\u0131rmaya odaklanmam\u0131z gerekiyor. Siyasetin g\u00f6lgesinde kalan ekonomi, maalesef hak etti\u011fi de\u011feri bulam\u0131yor ve bu da biz sanayicilerin y\u00fck\u00fcn\u00fc katbekat art\u0131r\u0131yor. Oysa refah\u0131n artmas\u0131, istihdam\u0131n sa\u011flanmas\u0131 ve s\u00fcrd\u00fcr\u00fclebilir kalk\u0131nma ancak ve ancak g\u00fc\u00e7l\u00fc bir \u00fcretim ekonomisiyle m\u00fcmk\u00fcnd\u00fcr.&#8221; dedi.<\/p>\n<p>&#8220;Yeni i\u015f birlikleri ile \u00e7\u00f6z\u00fcm yollar\u0131 bulmaya devam ediyoruz&#8221;<br \/>\n<br \/>DSO olarak sorunlara \u00e7\u00f6z\u00fcm bulmaya \u00e7al\u0131\u015ft\u0131klar\u0131n\u0131 ve mevcut krizin a\u015f\u0131laca\u011f\u0131na inand\u0131klar\u0131n\u0131 belirten Ba\u015fkan Kasapo\u011flu, &#8220;Ekonomik f\u0131rt\u0131nada direnmeye \u00e7al\u0131\u015fan sanayiciler olarak, \u00fclkemizin \u00fcretimine ve istihdam\u0131na katk\u0131 sa\u011flamak i\u00e7in elimizden gelenin en iyisini yapmaya devam ediyoruz. Denizli Sanayi Odas\u0131 olarak sanayicilerimizin sesi olmaya ve \u00e7\u00f6z\u00fcm odakl\u0131 projeler \u00fcretmeye devam ediyoruz&#8221; ifadelerine yer verdi. Denizli B\u00fcy\u00fck\u015fehir Belediyesi ile ge\u00e7ti\u011fimiz hafta \u2018Sanayi Y\u00f6neti\u015fim Masas\u0131\u2019 i\u015f birli\u011fi protokol\u00fcn\u00fc imzalad\u0131klar\u0131n\u0131 dile getiren Ba\u015fkan Kasapo\u011flu, &#8220;Sanayicimizin taleplerini duymak, sorunlar\u0131n\u0131 iletmek ve \u00e7\u00f6zmek ve geli\u015fimine katk\u0131da bulunmak bizim \u00f6ncelikli g\u00f6revimiz. Bu protokol sayesinde, bilgi ak\u0131\u015f\u0131n\u0131 daha sa\u011fl\u0131kl\u0131 bir zemine oturtarak, sanayicilerimizin \u00f6neri ve \u015fikayetlerini daha etkin bir \u015fekilde \u00e7\u00f6z\u00fcme ula\u015ft\u0131raca\u011f\u0131z.&#8221; diye konu\u015ftu. Denizli\u2019de g\u00fc\u00e7l\u00fc bir diyalog mekanizmas\u0131yla s\u00fcre\u00e7lerin h\u0131zland\u0131r\u0131laca\u011f\u0131n\u0131n alt\u0131n\u0131 \u00e7izen Kasapo\u011flu, protokolle birlikte sekt\u00f6rel ihtiya\u00e7lara y\u00f6nelik yuvarlak masa toplant\u0131lar\u0131 d\u00fczenlenerek \u00e7\u00f6z\u00fcm \u00f6nerileri geli\u015ftirilece\u011fini, \u00e7evresel s\u00fcrd\u00fcr\u00fclebilirlik ve iklim de\u011fi\u015fikli\u011fi konular\u0131nda sekt\u00f6r bazl\u0131 \u00e7\u00f6z\u00fcmler \u00fcretilece\u011fini, sanayi \u00e7al\u0131\u015ftaylar\u0131yla sekt\u00f6rlerin desteklenece\u011fini ve \u015fehrin turizm potansiyelini y\u00fckseltecek, afetlere haz\u0131rl\u0131\u011f\u0131 g\u00fc\u00e7lendirecek ortak projelere imza at\u0131laca\u011f\u0131n\u0131 dile getirdi.<\/p>\n<p>G\u0131da sekt\u00f6r\u00fcndeki g\u00fcncel geli\u015fmeler konu\u015fuldu<br \/>\n<br \/>Konu\u015fman\u0131n ard\u0131ndan DSO Meclis \u00dcyesi \u015e\u00fckr\u00fc Altunta\u015f, g\u0131da sekt\u00f6r\u00fcndeki g\u00fcncel geli\u015fmeler hakk\u0131nda haz\u0131rlad\u0131\u011f\u0131 sunumu meclis \u00fcyeleri ile payla\u015ft\u0131. \u00c7ift\u00e7iden \u00fcreticiye kadar t\u00fcm tedarik zinciri s\u00fcrecini kapsaml\u0131 bir \u015fekilde ele alan Altunta\u015f, g\u0131da sekt\u00f6r\u00fcn\u00fcn ihracat potansiyeli ve mevcut durumu hakk\u0131nda bilgi verdi. Sekt\u00f6r\u00fcn gelece\u011fini etkileyecek stratejik konulara da de\u011finen Altunta\u015f, g\u0131da g\u00fcvenli\u011fi, s\u00fcrd\u00fcr\u00fclebilirlik ve dijitalle\u015fme gibi konulara dikkat \u00e7ekti. \u0130klim de\u011fi\u015fikli\u011fi ve \u00e7evresel fakt\u00f6rlerin tar\u0131m ve g\u0131da \u00fczerindeki etkilerini vurgulayan Altunta\u015f, s\u00fcrd\u00fcr\u00fclebilir \u00fcretim modelleri \u00fczerine g\u00f6r\u00fc\u015flerini aktard\u0131.<\/p>\n<p>G\u00fcndem maddelerinin g\u00f6r\u00fc\u015f\u00fclmesinin ard\u0131ndan toplant\u0131, dilek ve temennilerin aktar\u0131lmas\u0131yla sona erdi.<br \/><\/p>\n","protected":false},"excerpt":{"rendered":"<p>Denizli Sanayi Odas\u0131 (DSO) Meclisi 2025 Y\u0131l\u0131 Temmuz Ay\u0131 Ola\u011fan Toplant\u0131s\u0131\u2019nda konu\u015fan Y\u00f6netim Kurulu Ba\u015fkan\u0131 Selim Kasapo\u011flu, &#8220;Refah\u0131n artmas\u0131, istihdam\u0131n sa\u011flanmas\u0131 ve s\u00fcrd\u00fcr\u00fclebilir kalk\u0131nma ancak ve ancak g\u00fc\u00e7l\u00fc bir \u00fcretim ekonomisiyle m\u00fcmk\u00fcnd\u00fcr. \u00dclke ekonomisinin gelece\u011fi i\u00e7in ekonominin ve \u00fcretimin \u00f6ncelikli g\u00fcndem olmas\u0131 gerekiyor.&#8221; dedi. Denizli Sanayi Odas\u0131 Meclisi 2025 Y\u0131l\u0131 Temmuz Ay\u0131 Ola\u011fan Toplant\u0131s\u0131, Odam\u0131z&#8230;<\/p>\n","protected":false},"author":1,"featured_media":40708,"comment_status":"open","ping_status":"open","sticky":false,"template":"","format":"standard","meta":{"_crdt_document":"","footnotes":""},"categories":[125],"tags":[],"class_list":["post-40707","post","type-post","status-publish","format-standard","has-post-thumbnail","hentry","category-ekonomi"],"_links":{"self":[{"href":"https:\/\/www.egemtv.com\/index.php?rest_route=\/wp\/v2\/posts\/40707","targetHints":{"allow":["GET"]}}],"collection":[{"href":"https:\/\/www.egemtv.com\/index.php?rest_route=\/wp\/v2\/posts"}],"about":[{"href":"https:\/\/www.egemtv.com\/index.php?rest_route=\/wp\/v2\/types\/post"}],"author":[{"embeddable":true,"href":"https:\/\/www.egemtv.com\/index.php?rest_route=\/wp\/v2\/users\/1"}],"replies":[{"embeddable":true,"href":"https:\/\/www.egemtv.com\/index.php?rest_route=%2Fwp%2Fv2%2Fcomments&post=40707"}],"version-history":[{"count":1,"href":"https:\/\/www.egemtv.com\/index.php?rest_route=\/wp\/v2\/posts\/40707\/revisions"}],"predecessor-version":[{"id":40709,"href":"https:\/\/www.egemtv.com\/index.php?rest_route=\/wp\/v2\/posts\/40707\/revisions\/40709"}],"wp:featuredmedia":[{"embeddable":true,"href":"https:\/\/www.egemtv.com\/index.php?rest_route=\/wp\/v2\/media\/40708"}],"wp:attachment":[{"href":"https:\/\/www.egemtv.com\/index.php?rest_route=%2Fwp%2Fv2%2Fmedia&parent=40707"}],"wp:term":[{"taxonomy":"category","embeddable":true,"href":"https:\/\/www.egemtv.com\/index.php?rest_route=%2Fwp%2Fv2%2Fcategories&post=40707"},{"taxonomy":"post_tag","embeddable":true,"href":"https:\/\/www.egemtv.com\/index.php?rest_route=%2Fwp%2Fv2%2Ftags&post=40707"}],"curies":[{"name":"wp","href":"https:\/\/api.w.org\/{rel}","templated":true}]}}