{"id":40692,"date":"2025-07-08T14:16:45","date_gmt":"2025-07-08T11:16:45","guid":{"rendered":"https:\/\/www.egemtv.com\/?p=40692"},"modified":"2025-07-08T14:16:48","modified_gmt":"2025-07-08T11:16:48","slug":"manisada-uzum-hasadi-ve-ihracati-basliyor","status":"publish","type":"post","link":"https:\/\/www.egemtv.com\/?p=40692","title":{"rendered":"Manisa\u2019da \u00fcz\u00fcm hasad\u0131 ve ihracat\u0131 ba\u015fl\u0131yor"},"content":{"rendered":"<p>Manisa\u2019n\u0131n \u00f6nemli tar\u0131m \u00fcr\u00fcnlerinden olan ve erkenci \u00f6zelli\u011fiyle dikkat \u00e7eken \u2019Superior Seedless\u2019 \u00fcz\u00fcm \u00e7e\u015fidinde hasat ve ihracat tarihi netle\u015fti. Hasad\u0131n 15 Temmuz 2025 tarihinde ba\u015flayaca\u011f\u0131, ihracat\u0131n ise 16 Temmuz 2025 tarihi itibar\u0131yla yap\u0131labilece\u011fi a\u00e7\u0131kland\u0131.<br \/>\n<br \/>Manisa \u0130l Tar\u0131m ve Orman M\u00fcd\u00fcr\u00fc Metin \u00d6zt\u00fcrk, &#8220;\u00d6nemli bir ihra\u00e7 ve d\u00f6viz potansiyeline sahip olan \u2018Superior Seedless\u2019 \u00fcz\u00fcm \u00e7e\u015fidinin hasat ve ihra\u00e7 tarihleri her y\u0131l Ticaret Bakanl\u0131\u011f\u0131, Tar\u0131m ve Orman Bakanl\u0131\u011f\u0131, Ege \u0130hracat\u00e7\u0131 Birlikleri\u2019nin kat\u0131l\u0131mlar\u0131yla kurulan bir komisyon taraf\u0131ndan belirlenmektedir. Hasattan sonra olgunla\u015fmaya devam etmeyen meyve t\u00fcrlerinden olan \u00fcz\u00fcm\u00fcn erken veya ge\u00e7 hasat edilmesi ihracatta sorunlar ya\u015fanmas\u0131na sebep olabilmektedir. Bu nedenle Manisa ve \u00fclkemiz ihracat\u0131nda stratejik bir \u00fcr\u00fcn olan \u00fcz\u00fcm\u00fcn hasat ve olgunluk kriterlerini sa\u011flamas\u0131 b\u00fcy\u00fck \u00f6nem arz etmektedir. Bu kriterlerin olu\u015fup olu\u015fmad\u0131\u011f\u0131n\u0131 tespit amac\u0131yla komisyon \u00fcyeleri taraf\u0131ndan Manisa\u2019n\u0131n Salihli, Ala\u015fehir, Sar\u0131g\u00f6l \u0130l\u00e7elerinde bulunan ba\u011flar gezilerek b\u00f6lgeyi temsil eden 10 adet ba\u011fdan numune al\u0131nm\u0131\u015ft\u0131r. Al\u0131nan numuneler Manisa Ba\u011fc\u0131l\u0131k Ara\u015ft\u0131rma Enstit\u00fcs\u00fc M\u00fcd\u00fcrl\u00fc\u011f\u00fc Laboratuvar\u0131\u2019nda analiz edilmi\u015ftir. Analiz sonu\u00e7lar\u0131, 08.07.2025 tarihinde Manisa \u0130l Tar\u0131m ve Orman M\u00fcd\u00fcrl\u00fc\u011f\u00fc, Ege D\u0131\u015f Ticaret ve G\u00fcmr\u00fck B\u00f6lge M\u00fcd\u00fcrl\u00fc\u011f\u00fc, Manisa Ba\u011fc\u0131l\u0131k Ara\u015ft\u0131rma Enstit\u00fcs\u00fc M\u00fcd\u00fcrl\u00fc\u011f\u00fc, \u0130zmir \u0130l Zirai Karantina M\u00fcd\u00fcrl\u00fc\u011f\u00fc ve Ege \u0130hracat\u00e7\u0131 Birlikleri\u2019nin temsilcilerinin kat\u0131ld\u0131\u011f\u0131 toplant\u0131da de\u011ferlendirilerek \u2018Superior Seedless\u2019 \u00e7e\u015fidi i\u00e7in hasat ve ihra\u00e7 tarihleri belirlenmi\u015ftir.&#8221; dedi.<br \/>\n<br \/>Yap\u0131lan de\u011ferlendirmeler sonucu hasat ve ihracat tarihlerinin belirlendi\u011fini kaydeden \u00d6zt\u00fcrk \u015funlar\u0131 s\u00f6yledi: &#8220;Buna g\u00f6re; \u2018Superior Seedless\u2019 \u00fcz\u00fcm \u00e7e\u015fidinin 15 Temmuz 2025 tarihinde kesimine ve 16 Temmuz 2025 tarihinde ihracat\u0131na karar verilmi\u015ftir. Superior Seedless erkencilik \u00f6zelli\u011fi sayesinde ihracatta \u00f6nemli bir avantaj sa\u011flamaktad\u0131r. Superior Seedless \u00fclke ekonomisine sa\u011flad\u0131\u011f\u0131 ekonomik avantaj\u0131n yan\u0131 s\u0131ra \u00fcz\u00fcm\u00fc d\u00fc\u015f\u00fck \u015feker oran\u0131, mayho\u015f tad\u0131 nedeniyle \u015fekeri d\u00fczenlemede faydal\u0131 bir tar\u0131m \u00fcr\u00fcn\u00fc olarak da \u00f6n plana \u00e7\u0131kmaktad\u0131r. \u00d6zellikle \u015feker hastalar\u0131 taraf\u0131ndan g\u00f6n\u00fcl rahatl\u0131\u011f\u0131yla t\u00fcketilen ve yo\u011fun ilgi g\u00f6ren bir \u00fcz\u00fcm \u00e7e\u015fididir. \u00dclkemize, milletimize, \u00e7ift\u00e7imize, ihracat\u00e7\u0131m\u0131za hay\u0131rl\u0131 bereketli ve kazan\u00e7l\u0131 olmas\u0131n\u0131 diliyorum.&#8221;<br \/><\/p>\n","protected":false},"excerpt":{"rendered":"<p>Manisa\u2019n\u0131n \u00f6nemli tar\u0131m \u00fcr\u00fcnlerinden olan ve erkenci \u00f6zelli\u011fiyle dikkat \u00e7eken \u2019Superior Seedless\u2019 \u00fcz\u00fcm \u00e7e\u015fidinde hasat ve ihracat tarihi netle\u015fti. Hasad\u0131n 15 Temmuz 2025 tarihinde ba\u015flayaca\u011f\u0131, ihracat\u0131n ise 16 Temmuz 2025 tarihi itibar\u0131yla yap\u0131labilece\u011fi a\u00e7\u0131kland\u0131. Manisa \u0130l Tar\u0131m ve Orman M\u00fcd\u00fcr\u00fc Metin \u00d6zt\u00fcrk, &#8220;\u00d6nemli bir ihra\u00e7 ve d\u00f6viz potansiyeline sahip olan \u2018Superior Seedless\u2019 \u00fcz\u00fcm \u00e7e\u015fidinin hasat&#8230;<\/p>\n","protected":false},"author":1,"featured_media":40693,"comment_status":"open","ping_status":"open","sticky":false,"template":"","format":"standard","meta":{"_crdt_document":"","footnotes":""},"categories":[125],"tags":[],"class_list":["post-40692","post","type-post","status-publish","format-standard","has-post-thumbnail","hentry","category-ekonomi"],"_links":{"self":[{"href":"https:\/\/www.egemtv.com\/index.php?rest_route=\/wp\/v2\/posts\/40692","targetHints":{"allow":["GET"]}}],"collection":[{"href":"https:\/\/www.egemtv.com\/index.php?rest_route=\/wp\/v2\/posts"}],"about":[{"href":"https:\/\/www.egemtv.com\/index.php?rest_route=\/wp\/v2\/types\/post"}],"author":[{"embeddable":true,"href":"https:\/\/www.egemtv.com\/index.php?rest_route=\/wp\/v2\/users\/1"}],"replies":[{"embeddable":true,"href":"https:\/\/www.egemtv.com\/index.php?rest_route=%2Fwp%2Fv2%2Fcomments&post=40692"}],"version-history":[{"count":1,"href":"https:\/\/www.egemtv.com\/index.php?rest_route=\/wp\/v2\/posts\/40692\/revisions"}],"predecessor-version":[{"id":40694,"href":"https:\/\/www.egemtv.com\/index.php?rest_route=\/wp\/v2\/posts\/40692\/revisions\/40694"}],"wp:featuredmedia":[{"embeddable":true,"href":"https:\/\/www.egemtv.com\/index.php?rest_route=\/wp\/v2\/media\/40693"}],"wp:attachment":[{"href":"https:\/\/www.egemtv.com\/index.php?rest_route=%2Fwp%2Fv2%2Fmedia&parent=40692"}],"wp:term":[{"taxonomy":"category","embeddable":true,"href":"https:\/\/www.egemtv.com\/index.php?rest_route=%2Fwp%2Fv2%2Fcategories&post=40692"},{"taxonomy":"post_tag","embeddable":true,"href":"https:\/\/www.egemtv.com\/index.php?rest_route=%2Fwp%2Fv2%2Ftags&post=40692"}],"curies":[{"name":"wp","href":"https:\/\/api.w.org\/{rel}","templated":true}]}}