{"id":40689,"date":"2025-07-08T14:16:40","date_gmt":"2025-07-08T11:16:40","guid":{"rendered":"https:\/\/www.egemtv.com\/?p=40689"},"modified":"2025-07-08T14:16:44","modified_gmt":"2025-07-08T11:16:44","slug":"minik-denizden-sehit-babasina-son-bakis","status":"publish","type":"post","link":"https:\/\/www.egemtv.com\/?p=40689","title":{"rendered":"Minik Deniz\u2019den \u015fehit babas\u0131na son bak\u0131\u015f"},"content":{"rendered":"<p>Irak\u2019\u0131n kuzeyindeki Pen\u00e7e-Kilit Harekat\u0131 b\u00f6lgesinde metan gaz\u0131na maruz kalarak \u015fehit olan Akhisarl\u0131 Piyade Komando Astsubay K\u0131demli \u00c7avu\u015f Fikret Mangura, memleketi Manisa\u2019n\u0131n Akhisar il\u00e7esinde g\u00f6zya\u015flar\u0131yla son yolculu\u011funa u\u011furland\u0131. \u015eehidin 6 ya\u015f\u0131ndaki k\u0131z\u0131 Deniz Ece\u2019nin \u015fehit babas\u0131n\u0131n tabutuna bak\u0131\u015f\u0131 ise y\u00fcrekleri da\u011flad\u0131.<br \/>\n<br \/>\u015eehit Fikret Mangura (37) i\u00e7in Akhisar Yeni Camii\u2019nde \u00f6\u011fle namaz\u0131n\u0131n ard\u0131ndan cenaze namaz\u0131 k\u0131l\u0131nd\u0131. Cenaze t\u00f6renine, Tar\u0131m ve Orman Bakan Yard\u0131mc\u0131s\u0131 Abdulkadir Polat, Manisa Valisi Vahdettin \u00d6zkan, Ege Ordu Komutan Yard\u0131mc\u0131s\u0131 T\u00fcmgeneral Emre Tayan\u00e7, AK Parti Grup Ba\u015fkanvekili ve Manisa Milletvekili Bahad\u0131r Yeni\u015fehirlio\u011flu, \u0130Y\u0130 Parti Manisa Milletvekili \u015eenol Sunat, Manisa B\u00fcy\u00fck\u015fehir Belediye Ba\u015fkan\u0131 Besim Dutlulu, askeri erkan ve sivil toplum kurulu\u015fu temsilcileri, ailesi, yak\u0131nlar\u0131 ve \u00e7ok say\u0131da vatanda\u015f kat\u0131ld\u0131.<br \/>\n<br \/>T\u00f6rende \u015fehidin annesi Misliye Ozan ile e\u015fi Melahat Mangura b\u00fcy\u00fck \u00fcz\u00fcnt\u00fc ya\u015farken, pankreas kanseri tedavisi g\u00f6ren emekli polis babas\u0131 Vasfi Mangura da cenazeye sedye ile kat\u0131ld\u0131. \u015eehidin annesi, babas\u0131, erkek karde\u015fi, e\u015fi ve minik k\u0131z\u0131 tabuta sar\u0131l\u0131p \u00f6perek g\u00f6zya\u015flar\u0131na bo\u011fuldu. Minik Deniz\u2019in \u015fehit babas\u0131n\u0131n tabutuna bak\u0131\u015f\u0131 ise y\u00fcrekleri da\u011flad\u0131. Cenaze namaz\u0131 \u00f6ncesi minik Deniz\u2019e babas\u0131n\u0131n askeri beresi tak\u0131ld\u0131.<br \/>\n<br \/>Manisa \u0130l M\u00fcft\u00fcs\u00fc \u015e\u00fckr\u00fc Kabuk\u00e7u taraf\u0131ndan k\u0131ld\u0131r\u0131lan cenaze namaz\u0131n\u0131n ard\u0131ndan cenaze arac\u0131na yerle\u015ftirilen \u015fehidin naa\u015f\u0131, dualar ve tekbirlerle \u0130zmir\u2019in Seferihisar il\u00e7esindeki \u015fehitli\u011fe defnedilmek \u00fczere Akhisar\u2019dan Seferhisar\u2019a do\u011fru yola \u00e7\u0131kt\u0131.<br \/>\n<br \/>Melahat T\u00fcren\u00e7 ile evli olan 37 ya\u015f\u0131ndaki \u015fehit Fikret Mangura, 6 ya\u015f\u0131nda Deniz Ece isimli bir k\u0131z babas\u0131yd\u0131.<br \/><\/p>\n","protected":false},"excerpt":{"rendered":"<p>Irak\u2019\u0131n kuzeyindeki Pen\u00e7e-Kilit Harekat\u0131 b\u00f6lgesinde metan gaz\u0131na maruz kalarak \u015fehit olan Akhisarl\u0131 Piyade Komando Astsubay K\u0131demli \u00c7avu\u015f Fikret Mangura, memleketi Manisa\u2019n\u0131n Akhisar il\u00e7esinde g\u00f6zya\u015flar\u0131yla son yolculu\u011funa u\u011furland\u0131. \u015eehidin 6 ya\u015f\u0131ndaki k\u0131z\u0131 Deniz Ece\u2019nin \u015fehit babas\u0131n\u0131n tabutuna bak\u0131\u015f\u0131 ise y\u00fcrekleri da\u011flad\u0131. \u015eehit Fikret Mangura (37) i\u00e7in Akhisar Yeni Camii\u2019nde \u00f6\u011fle namaz\u0131n\u0131n ard\u0131ndan cenaze namaz\u0131 k\u0131l\u0131nd\u0131. Cenaze&#8230;<\/p>\n","protected":false},"author":1,"featured_media":40690,"comment_status":"open","ping_status":"open","sticky":false,"template":"","format":"standard","meta":{"_crdt_document":"","footnotes":""},"categories":[5],"tags":[],"class_list":["post-40689","post","type-post","status-publish","format-standard","has-post-thumbnail","hentry","category-asayis"],"_links":{"self":[{"href":"https:\/\/www.egemtv.com\/index.php?rest_route=\/wp\/v2\/posts\/40689","targetHints":{"allow":["GET"]}}],"collection":[{"href":"https:\/\/www.egemtv.com\/index.php?rest_route=\/wp\/v2\/posts"}],"about":[{"href":"https:\/\/www.egemtv.com\/index.php?rest_route=\/wp\/v2\/types\/post"}],"author":[{"embeddable":true,"href":"https:\/\/www.egemtv.com\/index.php?rest_route=\/wp\/v2\/users\/1"}],"replies":[{"embeddable":true,"href":"https:\/\/www.egemtv.com\/index.php?rest_route=%2Fwp%2Fv2%2Fcomments&post=40689"}],"version-history":[{"count":1,"href":"https:\/\/www.egemtv.com\/index.php?rest_route=\/wp\/v2\/posts\/40689\/revisions"}],"predecessor-version":[{"id":40691,"href":"https:\/\/www.egemtv.com\/index.php?rest_route=\/wp\/v2\/posts\/40689\/revisions\/40691"}],"wp:featuredmedia":[{"embeddable":true,"href":"https:\/\/www.egemtv.com\/index.php?rest_route=\/wp\/v2\/media\/40690"}],"wp:attachment":[{"href":"https:\/\/www.egemtv.com\/index.php?rest_route=%2Fwp%2Fv2%2Fmedia&parent=40689"}],"wp:term":[{"taxonomy":"category","embeddable":true,"href":"https:\/\/www.egemtv.com\/index.php?rest_route=%2Fwp%2Fv2%2Fcategories&post=40689"},{"taxonomy":"post_tag","embeddable":true,"href":"https:\/\/www.egemtv.com\/index.php?rest_route=%2Fwp%2Fv2%2Ftags&post=40689"}],"curies":[{"name":"wp","href":"https:\/\/api.w.org\/{rel}","templated":true}]}}