{"id":40686,"date":"2025-07-08T14:16:29","date_gmt":"2025-07-08T11:16:29","guid":{"rendered":"https:\/\/www.egemtv.com\/?p=40686"},"modified":"2025-07-08T14:16:40","modified_gmt":"2025-07-08T11:16:40","slug":"muhendislik-ve-sanat-deride-bulusuyor","status":"publish","type":"post","link":"https:\/\/www.egemtv.com\/?p=40686","title":{"rendered":"M\u00fchendislik ve sanat deride bulu\u015fuyor"},"content":{"rendered":"<p>D\u00fcnyan\u0131n ilk kad\u0131n deri profes\u00f6r\u00fc olan ve deri teknolojileri alan\u0131nda uzmanl\u0131\u011f\u0131yla tan\u0131nan Ege \u00dcniversitesi M\u00fchendislik Fak\u00fcltesi Deri M\u00fchendisli\u011fi B\u00f6l\u00fcm\u00fc \u00f6\u011fretim \u00fcyesi Prof. Dr. Elif Eser Eke Bayramo\u011flu, m\u00fchendislik ile sanat\u0131 bir araya getiren \u00f6zg\u00fcn \u00e7al\u0131\u015fmalar\u0131yla dikkat \u00e7ekiyor. Prof. Dr. Bayramo\u011flu, hem akademik hem uygulamal\u0131 ara\u015ft\u0131rmalar\u0131nda derinin yap\u0131sal \u00f6zelliklerini incelerken, estetik ve tasar\u0131ma y\u00f6nelik yakla\u015f\u0131mlar\u0131yla sekt\u00f6re yeni bir soluk getiriyor. Prof. Dr. Bayramo\u011flu\u2019nun verdi\u011fi Saraciye \u00dcr\u00fcnleri \u00dcretim Uygulamalar\u0131 ve Deri El Sanatlar\u0131 dersleri kapsam\u0131nda \u00f6\u011frencilere; deri tasar\u0131ml\u0131 c\u00fczdan, \u00e7anta, bileklik, tak\u0131 gibi objelerin tasar\u0131mlar\u0131 yapt\u0131r\u0131l\u0131yor.  Ayr\u0131ca Par\u015f\u00f6men \u00dcretim Teknolojisi dersinde geleneksel ve modern y\u00f6ntemlerle par\u015f\u00f6men \u00fcretimi \u00f6\u011fretiliyor.<br \/>\n<br \/>Prof. Dr. Bayramo\u011flu, \u00f6\u011frencilerini geleneksel \u00fcretim yapan ustalarla bulu\u015fturdu\u011fu teknik geziler ve saha \u00e7al\u0131\u015fmalar\u0131yla da onlar\u0131n k\u00fclt\u00fcrel ve mesleki bak\u0131\u015f a\u00e7\u0131lar\u0131n\u0131 zenginle\u015ftiriyor. Prof. Dr. Elif Eser Eke Bayramo\u011flu\u2019nun projeleri, geleneksel deri i\u015f\u00e7ili\u011fini modern m\u00fchendislik y\u00f6ntemleriyle harmanlayarak hem dayan\u0131kl\u0131l\u0131\u011f\u0131 hem de g\u00f6rsel zenginli\u011fi \u00f6n plana \u00e7\u0131kar\u0131yor. Deri sanat\u0131n\u0131 bilimsel bir bak\u0131\u015f a\u00e7\u0131s\u0131yla ele alan akademisyen, \u00f6zellikle s\u00fcrd\u00fcr\u00fclebilir malzeme kullan\u0131m\u0131 ve yenilik\u00e7i y\u00fczey uygulamalar\u0131 konular\u0131nda yapt\u0131\u011f\u0131 \u00e7al\u0131\u015fmalarla \u00f6ne \u00e7\u0131k\u0131yor. Prof. Dr. Bayramo\u011flu\u2019nun liderli\u011findeki projeler, gen\u00e7 ara\u015ft\u0131rmac\u0131lara da ilham kayna\u011f\u0131 olmaya devam ediyor. Sanat ve bilimin el ele verdi\u011fi bu yakla\u015f\u0131m, dericilik sekt\u00f6r\u00fcnde yarat\u0131c\u0131 \u00e7\u00f6z\u00fcmlere zemin haz\u0131rl\u0131yor.<\/p>\n<p>&#8220;Gen\u00e7lere bilim ve sanat\u0131 sevdiren \u00e7al\u0131\u015fmalar&#8221;<br \/>\n<br \/>Prof. Dr. Elif Eser Eke Bayramo\u011flu, yaln\u0131zca akademik \u00e7al\u0131\u015fmalar\u0131yla de\u011fil, gen\u00e7lere ilham veren yakla\u015f\u0131m\u0131yla da \u00f6ne \u00e7\u0131k\u0131yor. At\u00f6lye \u00e7al\u0131\u015fmalar\u0131, seminerler ve T\u00dcB\u0130TAK destekli projeler arac\u0131l\u0131\u011f\u0131yla \u00f6\u011frencileri sanatsal d\u00fc\u015f\u00fcnmeye ve m\u00fchendislik bak\u0131\u015f a\u00e7\u0131s\u0131yla \u00fcretmeye te\u015fvik ediyor. Prof. Dr. Bayramo\u011flu, deriyi bir ifade arac\u0131 olarak sunarken, teknik bilginin yarat\u0131c\u0131 tasar\u0131mlarla nas\u0131l bulu\u015fabilece\u011fini g\u00f6steriyor. Prof. Dr. Bayramo\u011flu\u2019nun rehberli\u011finde yeti\u015fen gen\u00e7ler, sadece meslek sahibi olmuyor; ayn\u0131 zamanda k\u00fclt\u00fcrel mirasa sahip \u00e7\u0131kan, estetik de\u011ferlere duyarl\u0131 ve yenilik\u00e7i bireyler olarak yeti\u015fiyor. Bu sayede m\u00fchendislik ve sanat, gelecek nesiller i\u00e7in birer tutkuya d\u00f6n\u00fc\u015f\u00fcyor.<br \/><\/p>\n","protected":false},"excerpt":{"rendered":"<p>D\u00fcnyan\u0131n ilk kad\u0131n deri profes\u00f6r\u00fc olan ve deri teknolojileri alan\u0131nda uzmanl\u0131\u011f\u0131yla tan\u0131nan Ege \u00dcniversitesi M\u00fchendislik Fak\u00fcltesi Deri M\u00fchendisli\u011fi B\u00f6l\u00fcm\u00fc \u00f6\u011fretim \u00fcyesi Prof. Dr. Elif Eser Eke Bayramo\u011flu, m\u00fchendislik ile sanat\u0131 bir araya getiren \u00f6zg\u00fcn \u00e7al\u0131\u015fmalar\u0131yla dikkat \u00e7ekiyor. Prof. Dr. Bayramo\u011flu, hem akademik hem uygulamal\u0131 ara\u015ft\u0131rmalar\u0131nda derinin yap\u0131sal \u00f6zelliklerini incelerken, estetik ve tasar\u0131ma y\u00f6nelik yakla\u015f\u0131mlar\u0131yla sekt\u00f6re&#8230;<\/p>\n","protected":false},"author":1,"featured_media":40687,"comment_status":"open","ping_status":"open","sticky":false,"template":"","format":"standard","meta":{"_crdt_document":"","footnotes":""},"categories":[1],"tags":[],"class_list":["post-40686","post","type-post","status-publish","format-standard","has-post-thumbnail","hentry","category-guncel"],"_links":{"self":[{"href":"https:\/\/www.egemtv.com\/index.php?rest_route=\/wp\/v2\/posts\/40686","targetHints":{"allow":["GET"]}}],"collection":[{"href":"https:\/\/www.egemtv.com\/index.php?rest_route=\/wp\/v2\/posts"}],"about":[{"href":"https:\/\/www.egemtv.com\/index.php?rest_route=\/wp\/v2\/types\/post"}],"author":[{"embeddable":true,"href":"https:\/\/www.egemtv.com\/index.php?rest_route=\/wp\/v2\/users\/1"}],"replies":[{"embeddable":true,"href":"https:\/\/www.egemtv.com\/index.php?rest_route=%2Fwp%2Fv2%2Fcomments&post=40686"}],"version-history":[{"count":1,"href":"https:\/\/www.egemtv.com\/index.php?rest_route=\/wp\/v2\/posts\/40686\/revisions"}],"predecessor-version":[{"id":40688,"href":"https:\/\/www.egemtv.com\/index.php?rest_route=\/wp\/v2\/posts\/40686\/revisions\/40688"}],"wp:featuredmedia":[{"embeddable":true,"href":"https:\/\/www.egemtv.com\/index.php?rest_route=\/wp\/v2\/media\/40687"}],"wp:attachment":[{"href":"https:\/\/www.egemtv.com\/index.php?rest_route=%2Fwp%2Fv2%2Fmedia&parent=40686"}],"wp:term":[{"taxonomy":"category","embeddable":true,"href":"https:\/\/www.egemtv.com\/index.php?rest_route=%2Fwp%2Fv2%2Fcategories&post=40686"},{"taxonomy":"post_tag","embeddable":true,"href":"https:\/\/www.egemtv.com\/index.php?rest_route=%2Fwp%2Fv2%2Ftags&post=40686"}],"curies":[{"name":"wp","href":"https:\/\/api.w.org\/{rel}","templated":true}]}}