{"id":40683,"date":"2025-07-08T13:56:45","date_gmt":"2025-07-08T10:56:45","guid":{"rendered":"https:\/\/www.egemtv.com\/?p=40683"},"modified":"2025-07-08T13:56:52","modified_gmt":"2025-07-08T10:56:52","slug":"buyuksehirden-sokede-bakim-seferberligi","status":"publish","type":"post","link":"https:\/\/www.egemtv.com\/?p=40683","title":{"rendered":"B\u00fcy\u00fck\u015fehir\u2019den S\u00f6ke\u2019de bak\u0131m seferberli\u011fi"},"content":{"rendered":"<p>Ayd\u0131n\u2019\u0131n S\u00f6ke il\u00e7esinde \u00e7al\u0131\u015fmalar\u0131na ba\u015flayan B\u00fcy\u00fck\u015fehir Belediyesi ekipleri, il\u00e7e genelinde bak\u0131m ve yenileme seferberli\u011fi ba\u015flatt\u0131.<\/p>\n<p>Ayd\u0131n B\u00fcy\u00fck\u015fehir Belediyesi, S\u00f6ke\u2019de y\u00fcr\u00fctt\u00fc\u011f\u00fc kapsaml\u0131 \u00e7al\u0131\u015fmalarla il\u00e7enin \u00e7ehresini g\u00fczelle\u015ftirmeye devam ediyor. Ayd\u0131n B\u00fcy\u00fck\u015fehir Belediye Ba\u015fkan\u0131 \u00d6zlem \u00c7er\u00e7io\u011flu\u2019nun talimat\u0131yla Park ve Bah\u00e7eler, \u00c7evre Koruma ve Kontrol ile Ula\u015f\u0131m Dairesi Ba\u015fkanl\u0131\u011f\u0131 ekipleri il\u00e7ede hummal\u0131 bir temizlik, bak\u0131m ve yenileme seferberli\u011fi ba\u015flatt\u0131. Ekipler, il\u00e7e genelindeki park ve ye\u015fil alanlarda \u00e7im bi\u00e7meden peyzaj d\u00fczenlemelerine kadar bir\u00e7ok \u00e7al\u0131\u015fmay\u0131 hayata ge\u00e7irdi. Yap\u0131lan kapsaml\u0131 temizlik ve d\u00fczenlemelerle kamusal alanlar modern ve ferah bir g\u00f6r\u00fcn\u00fcme kavu\u015furken, S\u00f6ke, B\u00fcy\u00fck\u015fehir Belediyesi\u2019nin fidanl\u0131klar\u0131nda \u00fcretimi ger\u00e7ekle\u015ftirilen \u00e7i\u00e7ekler ile s\u00fcslendi.<\/p>\n<p>Ula\u015f\u0131m Dairesi Ba\u015fkanl\u0131\u011f\u0131 ekipleri ise trafik g\u00fcvenli\u011fini art\u0131rmak amac\u0131yla sinyalizasyon sistemleri ve trafik levhalar\u0131n\u0131n bak\u0131m\u0131n\u0131 ger\u00e7ekle\u015ftirdi. Yenilenen yaya ge\u00e7itleri ve yol \u00e7izgileriyle ula\u015f\u0131m altyap\u0131s\u0131 g\u00fc\u00e7lendirilirken, otob\u00fcs duraklar\u0131 da detayl\u0131 temizlik ve bak\u0131m s\u00fcrecinden ge\u00e7irildi.<\/p>\n<p>\u00c7evre Koruma ve Kontrol Dairesi Ba\u015fkanl\u0131\u011f\u0131 da 24 saat esas\u0131na dayal\u0131 temizlik faaliyetleriyle il\u00e7eyi adeta sterilize etti. Cadde, bulvar ve duraklarda yap\u0131lan \u00e7al\u0131\u015fmalar vatanda\u015flardan tam not ald\u0131.<\/p>\n<p>\u00c7al\u0131\u015fmalar\u0131n aral\u0131ks\u0131z devam edece\u011fini belirten Ba\u015fkan \u00d6zlem \u00c7er\u00e7io\u011flu; &#8220;Ayd\u0131n\u0131m\u0131z\u0131n her k\u00f6\u015fesinde halk\u0131m\u0131z\u0131 kaliteli hizmetle bulu\u015fturuyoruz. Ekiplerimiz gece g\u00fcnd\u00fcz demeden sahada \u00e7al\u0131\u015fmalar\u0131n\u0131 s\u00fcrd\u00fcr\u00fcyor. Hizmetlerimiz devam edecek&#8221; ifadelerini kulland\u0131.<\/p>\n<p>S\u00f6keli vatanda\u015flar ise yap\u0131lan hizmetlerden b\u00fcy\u00fck memnuniyet duyduklar\u0131n\u0131 belirterek Ba\u015fkan \u00c7er\u00e7io\u011flu\u2019na te\u015fekk\u00fcr etti.<br \/><\/p>\n","protected":false},"excerpt":{"rendered":"<p>Ayd\u0131n\u2019\u0131n S\u00f6ke il\u00e7esinde \u00e7al\u0131\u015fmalar\u0131na ba\u015flayan B\u00fcy\u00fck\u015fehir Belediyesi ekipleri, il\u00e7e genelinde bak\u0131m ve yenileme seferberli\u011fi ba\u015flatt\u0131. Ayd\u0131n B\u00fcy\u00fck\u015fehir Belediyesi, S\u00f6ke\u2019de y\u00fcr\u00fctt\u00fc\u011f\u00fc kapsaml\u0131 \u00e7al\u0131\u015fmalarla il\u00e7enin \u00e7ehresini g\u00fczelle\u015ftirmeye devam ediyor. Ayd\u0131n B\u00fcy\u00fck\u015fehir Belediye Ba\u015fkan\u0131 \u00d6zlem \u00c7er\u00e7io\u011flu\u2019nun talimat\u0131yla Park ve Bah\u00e7eler, \u00c7evre Koruma ve Kontrol ile Ula\u015f\u0131m Dairesi Ba\u015fkanl\u0131\u011f\u0131 ekipleri il\u00e7ede hummal\u0131 bir temizlik, bak\u0131m ve yenileme seferberli\u011fi ba\u015flatt\u0131&#8230;.<\/p>\n","protected":false},"author":1,"featured_media":40684,"comment_status":"open","ping_status":"open","sticky":false,"template":"","format":"standard","meta":{"_crdt_document":"","footnotes":""},"categories":[1],"tags":[],"class_list":["post-40683","post","type-post","status-publish","format-standard","has-post-thumbnail","hentry","category-guncel"],"_links":{"self":[{"href":"https:\/\/www.egemtv.com\/index.php?rest_route=\/wp\/v2\/posts\/40683","targetHints":{"allow":["GET"]}}],"collection":[{"href":"https:\/\/www.egemtv.com\/index.php?rest_route=\/wp\/v2\/posts"}],"about":[{"href":"https:\/\/www.egemtv.com\/index.php?rest_route=\/wp\/v2\/types\/post"}],"author":[{"embeddable":true,"href":"https:\/\/www.egemtv.com\/index.php?rest_route=\/wp\/v2\/users\/1"}],"replies":[{"embeddable":true,"href":"https:\/\/www.egemtv.com\/index.php?rest_route=%2Fwp%2Fv2%2Fcomments&post=40683"}],"version-history":[{"count":1,"href":"https:\/\/www.egemtv.com\/index.php?rest_route=\/wp\/v2\/posts\/40683\/revisions"}],"predecessor-version":[{"id":40685,"href":"https:\/\/www.egemtv.com\/index.php?rest_route=\/wp\/v2\/posts\/40683\/revisions\/40685"}],"wp:featuredmedia":[{"embeddable":true,"href":"https:\/\/www.egemtv.com\/index.php?rest_route=\/wp\/v2\/media\/40684"}],"wp:attachment":[{"href":"https:\/\/www.egemtv.com\/index.php?rest_route=%2Fwp%2Fv2%2Fmedia&parent=40683"}],"wp:term":[{"taxonomy":"category","embeddable":true,"href":"https:\/\/www.egemtv.com\/index.php?rest_route=%2Fwp%2Fv2%2Fcategories&post=40683"},{"taxonomy":"post_tag","embeddable":true,"href":"https:\/\/www.egemtv.com\/index.php?rest_route=%2Fwp%2Fv2%2Ftags&post=40683"}],"curies":[{"name":"wp","href":"https:\/\/api.w.org\/{rel}","templated":true}]}}