{"id":40680,"date":"2025-07-08T13:56:40","date_gmt":"2025-07-08T10:56:40","guid":{"rendered":"https:\/\/www.egemtv.com\/?p=40680"},"modified":"2025-07-08T13:56:45","modified_gmt":"2025-07-08T10:56:45","slug":"bodrumla-nefes-al-etkinligi-gerceklestirildi","status":"publish","type":"post","link":"https:\/\/www.egemtv.com\/?p=40680","title":{"rendered":"Bodrumla Nefes Al etkinli\u011fi ger\u00e7ekle\u015ftirildi"},"content":{"rendered":"<p>Bodrum Belediyesi K\u00fclt\u00fcr ve Sosyal \u0130\u015fler M\u00fcd\u00fcrl\u00fc\u011f\u00fc Spor Hizmetleri B\u00fcrosu taraf\u0131ndan &#8220;Bodrum\u2019la Nefes Al&#8221; temas\u0131yla d\u00fczenlenen A\u00e7\u0131k Hava Yoga G\u00fcnlerinin ilki Kumbah\u00e7e Meydan\u0131nda ger\u00e7ekle\u015ftirildi.<\/p>\n<p>K\u00fclt\u00fcr ve Sosyal \u0130\u015fler M\u00fcd\u00fcrl\u00fc\u011f\u00fc Spor Hizmetleri B\u00fcrosunda g\u00f6revli Yoga E\u011fitmeni Gizem Melkonyan e\u015fli\u011finde yap\u0131lan etkinli\u011fe, Bodrum Belediye Ba\u015fkan\u0131 Tamer Mandalinci\u2019yi temsilen Belediye Meclis \u00dcyesi \u0130dil Ekmekci ve \u00e7ok say\u0131da vatanda\u015f kat\u0131ld\u0131. Bodrum\u2019un e\u015fsiz sabah manzaras\u0131 e\u015fli\u011fine yakla\u015f\u0131k bir saat s\u00fcren etkinlikte kat\u0131l\u0131mc\u0131lar, fiziksel ve ruhsal olarak dinlenme f\u0131rsat\u0131 buldu.<\/p>\n<p>A\u00e7\u0131k Hava Yoga G\u00fcnleri ile Bodrum\u2019da ya\u015fayan her ya\u015ftan bireyin kendine zaman ay\u0131rmas\u0131, sa\u011fl\u0131kl\u0131 ya\u015fam al\u0131\u015fk\u0131nl\u0131klar\u0131n\u0131 desteklemesi ve toplumsal ba\u011flar\u0131n\u0131 g\u00fc\u00e7lendirmesi hedefleniyor.<\/p>\n<p>Ger\u00e7ekle\u015ftirilen bu etkinliklerle sa\u011fl\u0131kl\u0131 ya\u015fam fark\u0131ndal\u0131\u011f\u0131n\u0131 art\u0131rmay\u0131 ama\u00e7lad\u0131klar\u0131n\u0131 belirten Meclis \u00dcyesi \u0130dil Ekmekci, belediye olarak ya\u015fam kalitesini y\u00fckselten, sa\u011fl\u0131kl\u0131 ve aktif bir ya\u015fam\u0131 destekleyen her \u00e7al\u0131\u015fman\u0131n destek\u00e7isi olacaklar\u0131n\u0131 s\u00f6yledi.<\/p>\n<p>Etkinlikler, Bodrum\u2019un farkl\u0131 mahallelerinde bulunan tarihi, k\u00fclt\u00fcrel ve do\u011fal alanlar\u0131nda devam edecek. Program ile ilgili duyurular Bodrum Belediyesi web sitesi ve sosyal medya hesaplar\u0131 \u00fczerinden yap\u0131lacak.<br \/><\/p>\n","protected":false},"excerpt":{"rendered":"<p>Bodrum Belediyesi K\u00fclt\u00fcr ve Sosyal \u0130\u015fler M\u00fcd\u00fcrl\u00fc\u011f\u00fc Spor Hizmetleri B\u00fcrosu taraf\u0131ndan &#8220;Bodrum\u2019la Nefes Al&#8221; temas\u0131yla d\u00fczenlenen A\u00e7\u0131k Hava Yoga G\u00fcnlerinin ilki Kumbah\u00e7e Meydan\u0131nda ger\u00e7ekle\u015ftirildi. K\u00fclt\u00fcr ve Sosyal \u0130\u015fler M\u00fcd\u00fcrl\u00fc\u011f\u00fc Spor Hizmetleri B\u00fcrosunda g\u00f6revli Yoga E\u011fitmeni Gizem Melkonyan e\u015fli\u011finde yap\u0131lan etkinli\u011fe, Bodrum Belediye Ba\u015fkan\u0131 Tamer Mandalinci\u2019yi temsilen Belediye Meclis \u00dcyesi \u0130dil Ekmekci ve \u00e7ok say\u0131da vatanda\u015f&#8230;<\/p>\n","protected":false},"author":1,"featured_media":40681,"comment_status":"open","ping_status":"open","sticky":false,"template":"","format":"standard","meta":{"_crdt_document":"","footnotes":""},"categories":[4],"tags":[],"class_list":["post-40680","post","type-post","status-publish","format-standard","has-post-thumbnail","hentry","category-spor"],"_links":{"self":[{"href":"https:\/\/www.egemtv.com\/index.php?rest_route=\/wp\/v2\/posts\/40680","targetHints":{"allow":["GET"]}}],"collection":[{"href":"https:\/\/www.egemtv.com\/index.php?rest_route=\/wp\/v2\/posts"}],"about":[{"href":"https:\/\/www.egemtv.com\/index.php?rest_route=\/wp\/v2\/types\/post"}],"author":[{"embeddable":true,"href":"https:\/\/www.egemtv.com\/index.php?rest_route=\/wp\/v2\/users\/1"}],"replies":[{"embeddable":true,"href":"https:\/\/www.egemtv.com\/index.php?rest_route=%2Fwp%2Fv2%2Fcomments&post=40680"}],"version-history":[{"count":1,"href":"https:\/\/www.egemtv.com\/index.php?rest_route=\/wp\/v2\/posts\/40680\/revisions"}],"predecessor-version":[{"id":40682,"href":"https:\/\/www.egemtv.com\/index.php?rest_route=\/wp\/v2\/posts\/40680\/revisions\/40682"}],"wp:featuredmedia":[{"embeddable":true,"href":"https:\/\/www.egemtv.com\/index.php?rest_route=\/wp\/v2\/media\/40681"}],"wp:attachment":[{"href":"https:\/\/www.egemtv.com\/index.php?rest_route=%2Fwp%2Fv2%2Fmedia&parent=40680"}],"wp:term":[{"taxonomy":"category","embeddable":true,"href":"https:\/\/www.egemtv.com\/index.php?rest_route=%2Fwp%2Fv2%2Fcategories&post=40680"},{"taxonomy":"post_tag","embeddable":true,"href":"https:\/\/www.egemtv.com\/index.php?rest_route=%2Fwp%2Fv2%2Ftags&post=40680"}],"curies":[{"name":"wp","href":"https:\/\/api.w.org\/{rel}","templated":true}]}}