{"id":40677,"date":"2025-07-08T13:56:35","date_gmt":"2025-07-08T10:56:35","guid":{"rendered":"https:\/\/www.egemtv.com\/?p=40677"},"modified":"2025-07-08T13:56:40","modified_gmt":"2025-07-08T10:56:40","slug":"mentesede-okullar-yeni-doneme-guclenerek-hazirlaniyor","status":"publish","type":"post","link":"https:\/\/www.egemtv.com\/?p=40677","title":{"rendered":"Mente\u015fe\u2019de okullar yeni d\u00f6neme g\u00fc\u00e7lenerek haz\u0131rlan\u0131yor"},"content":{"rendered":"<p>Mente\u015fe \u0130l\u00e7e Milli E\u011fitim M\u00fcd\u00fcr\u00fc \u0130dris K\u00f6m\u00fcrc\u00fc, okul ziyaretleri kapsam\u0131nda Sabri Acarsoy \u0130lkokulu\u2019nu ziyaret ederek, yaz tatili s\u00fcresince y\u00fcr\u00fct\u00fclen \u00e7al\u0131\u015fmalar hakk\u0131nda yerinde incelemelerde bulundu.<\/p>\n<p>Ziyaret kapsam\u0131nda, okulda planlanan bak\u0131m, onar\u0131m ve iyile\u015ftirme \u00e7al\u0131\u015fmalar\u0131 hakk\u0131nda okul y\u00f6neticilerinden detayl\u0131 bilgi alan \u0130l\u00e7e M\u00fcd\u00fcr\u00fc K\u00f6m\u00fcrc\u00fc, \u00f6\u011frencilerin daha modern ve donan\u0131ml\u0131 ortamlarda e\u011fitim g\u00f6rmesini sa\u011flayacak projeler \u00fczerine de\u011ferlendirmelerde bulundu.<\/p>\n<p>K\u00f6m\u00fcrc\u00fc, okul binas\u0131nda ve \u00e7evresinde y\u00fcr\u00fct\u00fclen haz\u0131rl\u0131k \u00e7al\u0131\u015fmalar\u0131n\u0131 yerinde inceleyerek s\u00fcrecin sa\u011fl\u0131kl\u0131 ilerlemesi ad\u0131na \u00f6nerilerde bulundu ve ilgili birimlere gerekli talimatlar\u0131 iletti. E\u011fitim ortamlar\u0131n\u0131n fiziki olarak g\u00fc\u00e7lendirilmesinin yan\u0131 s\u0131ra, akademik ba\u015far\u0131ya da olumlu katk\u0131 sunacak nitelikte d\u00fczenlemelerin \u00f6nemine de\u011findi.<\/p>\n<p>Ziyaretin sonunda konu\u015fan M\u00fcd\u00fcr K\u00f6m\u00fcrc\u00fc, okul y\u00f6netimine ve personeline \u00f6zverili \u00e7al\u0131\u015fmalar\u0131ndan dolay\u0131 te\u015fekk\u00fcr ederek \u015funlar\u0131 s\u00f6yledi: &#8220;Mente\u015fe\u2019deki t\u00fcm e\u011fitim kurumlar\u0131m\u0131z\u0131n hem fiziki hem de akademik y\u00f6nden daha g\u00fc\u00e7l\u00fc hale getirilmesi konusunda kararl\u0131l\u0131\u011f\u0131m\u0131z devam ediyor. Sabri Acarsoy \u0130lkokulu\u2019nda yap\u0131lan \u00e7al\u0131\u015fmalar\u0131 memnuniyetle g\u00f6zlemledik. \u00d6\u011frencilerimizin daha iyi \u015fartlarda e\u011fitim alabilmesi i\u00e7in t\u00fcm imk\u00e2nlar\u0131m\u0131z\u0131 seferber ediyoruz&#8221;<br \/><\/p>\n","protected":false},"excerpt":{"rendered":"<p>Mente\u015fe \u0130l\u00e7e Milli E\u011fitim M\u00fcd\u00fcr\u00fc \u0130dris K\u00f6m\u00fcrc\u00fc, okul ziyaretleri kapsam\u0131nda Sabri Acarsoy \u0130lkokulu\u2019nu ziyaret ederek, yaz tatili s\u00fcresince y\u00fcr\u00fct\u00fclen \u00e7al\u0131\u015fmalar hakk\u0131nda yerinde incelemelerde bulundu. Ziyaret kapsam\u0131nda, okulda planlanan bak\u0131m, onar\u0131m ve iyile\u015ftirme \u00e7al\u0131\u015fmalar\u0131 hakk\u0131nda okul y\u00f6neticilerinden detayl\u0131 bilgi alan \u0130l\u00e7e M\u00fcd\u00fcr\u00fc K\u00f6m\u00fcrc\u00fc, \u00f6\u011frencilerin daha modern ve donan\u0131ml\u0131 ortamlarda e\u011fitim g\u00f6rmesini sa\u011flayacak projeler \u00fczerine de\u011ferlendirmelerde bulundu&#8230;.<\/p>\n","protected":false},"author":1,"featured_media":40678,"comment_status":"open","ping_status":"open","sticky":false,"template":"","format":"standard","meta":{"_crdt_document":"","footnotes":""},"categories":[1],"tags":[],"class_list":["post-40677","post","type-post","status-publish","format-standard","has-post-thumbnail","hentry","category-guncel"],"_links":{"self":[{"href":"https:\/\/www.egemtv.com\/index.php?rest_route=\/wp\/v2\/posts\/40677","targetHints":{"allow":["GET"]}}],"collection":[{"href":"https:\/\/www.egemtv.com\/index.php?rest_route=\/wp\/v2\/posts"}],"about":[{"href":"https:\/\/www.egemtv.com\/index.php?rest_route=\/wp\/v2\/types\/post"}],"author":[{"embeddable":true,"href":"https:\/\/www.egemtv.com\/index.php?rest_route=\/wp\/v2\/users\/1"}],"replies":[{"embeddable":true,"href":"https:\/\/www.egemtv.com\/index.php?rest_route=%2Fwp%2Fv2%2Fcomments&post=40677"}],"version-history":[{"count":1,"href":"https:\/\/www.egemtv.com\/index.php?rest_route=\/wp\/v2\/posts\/40677\/revisions"}],"predecessor-version":[{"id":40679,"href":"https:\/\/www.egemtv.com\/index.php?rest_route=\/wp\/v2\/posts\/40677\/revisions\/40679"}],"wp:featuredmedia":[{"embeddable":true,"href":"https:\/\/www.egemtv.com\/index.php?rest_route=\/wp\/v2\/media\/40678"}],"wp:attachment":[{"href":"https:\/\/www.egemtv.com\/index.php?rest_route=%2Fwp%2Fv2%2Fmedia&parent=40677"}],"wp:term":[{"taxonomy":"category","embeddable":true,"href":"https:\/\/www.egemtv.com\/index.php?rest_route=%2Fwp%2Fv2%2Fcategories&post=40677"},{"taxonomy":"post_tag","embeddable":true,"href":"https:\/\/www.egemtv.com\/index.php?rest_route=%2Fwp%2Fv2%2Ftags&post=40677"}],"curies":[{"name":"wp","href":"https:\/\/api.w.org\/{rel}","templated":true}]}}