{"id":40650,"date":"2025-07-08T12:35:43","date_gmt":"2025-07-08T09:35:43","guid":{"rendered":"https:\/\/www.egemtv.com\/?p=40650"},"modified":"2025-07-08T12:35:47","modified_gmt":"2025-07-08T09:35:47","slug":"nazilli-belediyesi-bozuk-yollari-bakima-aldi","status":"publish","type":"post","link":"https:\/\/www.egemtv.com\/?p=40650","title":{"rendered":"Nazilli Belediyesi bozuk yollar\u0131 bak\u0131ma ald\u0131"},"content":{"rendered":"<p>Nazilli Belediyesi Fen \u0130\u015fleri M\u00fcd\u00fcrl\u00fc\u011f\u00fc ekipleri; \u00c7apahasan Mahallesi\u2019nde deforme olan yollar\u0131n bak\u0131m, onar\u0131m ve tadilat \u00e7al\u0131\u015fmalar\u0131na ba\u015flad\u0131.<br \/>\n<br \/>\u0130l\u00e7e genelinde elektrik, su, telefon, internet ve do\u011falgaz alt yap\u0131 \u00e7al\u0131\u015fmalar\u0131 nedeniyle deforme olan ve kullan\u0131lamaz hale gelen yollar\u0131 tespit eden Nazilli Belediyesi, tadilat faaliyetlerine ba\u015flad\u0131.<br \/>\n<br \/>Sabah erken saatlerde \u00e7al\u0131\u015fmalara ba\u015flayan ekipler, \u00c7apahasan Mahallesi 369 Sokak ve \u00e7evresinde yaya ve ara\u00e7 trafi\u011fini riske atan b\u00f6lgenin parke ta\u015flar\u0131n\u0131 s\u00f6kerek yolu yeniledi.<br \/>\n<br \/>Yol \u00e7al\u0131\u015fmalar\u0131n\u0131n artarak devam edece\u011fini ifade eden Belediye Ba\u015fkan\u0131 Dr. Ertu\u011frul Tetik; &#8220;\u015eehrimizde hi\u00e7 yolu olmayan alanlardan ba\u015flayarak \u00e7ok uzun zamand\u0131r hi\u00e7 hizmet alamam\u0131\u015f mahallelerimizi yeni yollara kavu\u015fturduk. Bunun yan\u0131 s\u0131ra alt yap\u0131 faaliyetleri dolay\u0131s\u0131yla zarar g\u00f6rm\u00fc\u015f ve kullan\u0131lamaz halde b\u0131rak\u0131lm\u0131\u015f yollar\u0131m\u0131z da Fen \u0130\u015fleri M\u00fcd\u00fcrl\u00fc\u011f\u00fcm\u00fcz taraf\u0131ndan bir bir yenileniyor. Nazilli\u2019mizin en b\u00fcy\u00fck sorunlar\u0131ndan biri olan yollar\u0131n yenilenmesi konusunda kararl\u0131l\u0131kla \u00e7al\u0131\u015fmaya devam ediyoruz. \u00d6n\u00fcm\u00fczdeki s\u00fcre\u00e7te bu \u00e7al\u0131\u015fmalar\u0131 daha da art\u0131rarak il\u00e7emizin yol sorununu tamamen \u00e7\u00f6zm\u00fc\u015f olaca\u011f\u0131z&#8221; dedi.<br \/><\/p>\n","protected":false},"excerpt":{"rendered":"<p>Nazilli Belediyesi Fen \u0130\u015fleri M\u00fcd\u00fcrl\u00fc\u011f\u00fc ekipleri; \u00c7apahasan Mahallesi\u2019nde deforme olan yollar\u0131n bak\u0131m, onar\u0131m ve tadilat \u00e7al\u0131\u015fmalar\u0131na ba\u015flad\u0131. \u0130l\u00e7e genelinde elektrik, su, telefon, internet ve do\u011falgaz alt yap\u0131 \u00e7al\u0131\u015fmalar\u0131 nedeniyle deforme olan ve kullan\u0131lamaz hale gelen yollar\u0131 tespit eden Nazilli Belediyesi, tadilat faaliyetlerine ba\u015flad\u0131. Sabah erken saatlerde \u00e7al\u0131\u015fmalara ba\u015flayan ekipler, \u00c7apahasan Mahallesi 369 Sokak ve \u00e7evresinde&#8230;<\/p>\n","protected":false},"author":1,"featured_media":40651,"comment_status":"open","ping_status":"open","sticky":false,"template":"","format":"standard","meta":{"_crdt_document":"","footnotes":""},"categories":[1],"tags":[],"class_list":["post-40650","post","type-post","status-publish","format-standard","has-post-thumbnail","hentry","category-guncel"],"_links":{"self":[{"href":"https:\/\/www.egemtv.com\/index.php?rest_route=\/wp\/v2\/posts\/40650","targetHints":{"allow":["GET"]}}],"collection":[{"href":"https:\/\/www.egemtv.com\/index.php?rest_route=\/wp\/v2\/posts"}],"about":[{"href":"https:\/\/www.egemtv.com\/index.php?rest_route=\/wp\/v2\/types\/post"}],"author":[{"embeddable":true,"href":"https:\/\/www.egemtv.com\/index.php?rest_route=\/wp\/v2\/users\/1"}],"replies":[{"embeddable":true,"href":"https:\/\/www.egemtv.com\/index.php?rest_route=%2Fwp%2Fv2%2Fcomments&post=40650"}],"version-history":[{"count":1,"href":"https:\/\/www.egemtv.com\/index.php?rest_route=\/wp\/v2\/posts\/40650\/revisions"}],"predecessor-version":[{"id":40652,"href":"https:\/\/www.egemtv.com\/index.php?rest_route=\/wp\/v2\/posts\/40650\/revisions\/40652"}],"wp:featuredmedia":[{"embeddable":true,"href":"https:\/\/www.egemtv.com\/index.php?rest_route=\/wp\/v2\/media\/40651"}],"wp:attachment":[{"href":"https:\/\/www.egemtv.com\/index.php?rest_route=%2Fwp%2Fv2%2Fmedia&parent=40650"}],"wp:term":[{"taxonomy":"category","embeddable":true,"href":"https:\/\/www.egemtv.com\/index.php?rest_route=%2Fwp%2Fv2%2Fcategories&post=40650"},{"taxonomy":"post_tag","embeddable":true,"href":"https:\/\/www.egemtv.com\/index.php?rest_route=%2Fwp%2Fv2%2Ftags&post=40650"}],"curies":[{"name":"wp","href":"https:\/\/api.w.org\/{rel}","templated":true}]}}