{"id":40644,"date":"2025-07-08T12:15:40","date_gmt":"2025-07-08T09:15:40","guid":{"rendered":"https:\/\/www.egemtv.com\/?p=40644"},"modified":"2025-07-08T12:15:44","modified_gmt":"2025-07-08T09:15:44","slug":"duvara-ve-baska-bir-araca-carpip-takla-atti-aractan-cikip-kayiplara-karisti","status":"publish","type":"post","link":"https:\/\/www.egemtv.com\/?p=40644","title":{"rendered":"Duvara ve ba\u015fka bir araca \u00e7arp\u0131p takla att\u0131, ara\u00e7tan \u00e7\u0131k\u0131p kay\u0131plara kar\u0131\u015ft\u0131"},"content":{"rendered":"<p>Burdur\u2019da duvara ve ba\u015fka bir araca \u00e7arp\u0131p takla atan otomobilden kendi imkanlar\u0131yla \u00e7\u0131kan s\u00fcr\u00fcc\u00fc olay yerinden ka\u00e7t\u0131.<br \/>\n<br \/>Kaza, saat 03.30 s\u0131ralar\u0131nda merkez Bah\u00e7elievler Mahallesi Babil Sokak \u00fczerinde meydana geldi. Edinilen bilgilere g\u00f6re, s\u00fcr\u00fcc\u00fcs\u00fc \u00f6\u011frenilemeyen 15 AC 525 plakal\u0131 Toyota marka otomobil, kontrolden \u00e7\u0131karak \u00f6nce duvara sonra sokak \u00fczerindeki ba\u015fka bir araca \u00e7arp\u0131p takla att\u0131. Ters d\u00f6nen ara\u00e7tan kendi imkanlar\u0131yla \u00e7\u0131kan s\u00fcr\u00fcc\u00fc olay yerinden ka\u00e7t\u0131. Kazay\u0131 g\u00f6renlerin ihbar\u0131yla olay yerine gelen polis ekipleri ka\u00e7an s\u00fcr\u00fcc\u00fcy\u00fc bulmak i\u00e7in \u00e7al\u0131\u015fma ba\u015flatt\u0131. Ters d\u00f6n\u00fcp soka\u011f\u0131 kapatan otomobil ise \u00e7ekici yard\u0131m\u0131yla otoparka \u00e7ekildi.<br \/><\/p>\n","protected":false},"excerpt":{"rendered":"<p>Burdur\u2019da duvara ve ba\u015fka bir araca \u00e7arp\u0131p takla atan otomobilden kendi imkanlar\u0131yla \u00e7\u0131kan s\u00fcr\u00fcc\u00fc olay yerinden ka\u00e7t\u0131. Kaza, saat 03.30 s\u0131ralar\u0131nda merkez Bah\u00e7elievler Mahallesi Babil Sokak \u00fczerinde meydana geldi. Edinilen bilgilere g\u00f6re, s\u00fcr\u00fcc\u00fcs\u00fc \u00f6\u011frenilemeyen 15 AC 525 plakal\u0131 Toyota marka otomobil, kontrolden \u00e7\u0131karak \u00f6nce duvara sonra sokak \u00fczerindeki ba\u015fka bir araca \u00e7arp\u0131p takla att\u0131. Ters&#8230;<\/p>\n","protected":false},"author":1,"featured_media":40645,"comment_status":"open","ping_status":"open","sticky":false,"template":"","format":"standard","meta":{"_crdt_document":"","footnotes":""},"categories":[5],"tags":[],"class_list":["post-40644","post","type-post","status-publish","format-standard","has-post-thumbnail","hentry","category-asayis"],"_links":{"self":[{"href":"https:\/\/www.egemtv.com\/index.php?rest_route=\/wp\/v2\/posts\/40644","targetHints":{"allow":["GET"]}}],"collection":[{"href":"https:\/\/www.egemtv.com\/index.php?rest_route=\/wp\/v2\/posts"}],"about":[{"href":"https:\/\/www.egemtv.com\/index.php?rest_route=\/wp\/v2\/types\/post"}],"author":[{"embeddable":true,"href":"https:\/\/www.egemtv.com\/index.php?rest_route=\/wp\/v2\/users\/1"}],"replies":[{"embeddable":true,"href":"https:\/\/www.egemtv.com\/index.php?rest_route=%2Fwp%2Fv2%2Fcomments&post=40644"}],"version-history":[{"count":1,"href":"https:\/\/www.egemtv.com\/index.php?rest_route=\/wp\/v2\/posts\/40644\/revisions"}],"predecessor-version":[{"id":40646,"href":"https:\/\/www.egemtv.com\/index.php?rest_route=\/wp\/v2\/posts\/40644\/revisions\/40646"}],"wp:featuredmedia":[{"embeddable":true,"href":"https:\/\/www.egemtv.com\/index.php?rest_route=\/wp\/v2\/media\/40645"}],"wp:attachment":[{"href":"https:\/\/www.egemtv.com\/index.php?rest_route=%2Fwp%2Fv2%2Fmedia&parent=40644"}],"wp:term":[{"taxonomy":"category","embeddable":true,"href":"https:\/\/www.egemtv.com\/index.php?rest_route=%2Fwp%2Fv2%2Fcategories&post=40644"},{"taxonomy":"post_tag","embeddable":true,"href":"https:\/\/www.egemtv.com\/index.php?rest_route=%2Fwp%2Fv2%2Ftags&post=40644"}],"curies":[{"name":"wp","href":"https:\/\/api.w.org\/{rel}","templated":true}]}}