{"id":40641,"date":"2025-07-08T11:57:20","date_gmt":"2025-07-08T08:57:20","guid":{"rendered":"https:\/\/www.egemtv.com\/?p=40641"},"modified":"2025-07-08T11:57:24","modified_gmt":"2025-07-08T08:57:24","slug":"burdurda-agilda-cikan-yanginda-10-kucukbas-hayvan-telef-oldu","status":"publish","type":"post","link":"https:\/\/www.egemtv.com\/?p=40641","title":{"rendered":"Burdur\u2019da a\u011f\u0131lda \u00e7\u0131kan yang\u0131nda 10 k\u00fc\u00e7\u00fckba\u015f hayvan telef oldu"},"content":{"rendered":"<p>Burdur\u2019un Ye\u015filova il\u00e7esinde bir a\u011f\u0131lda \u00e7\u0131kan yang\u0131nda 10 k\u00fc\u00e7\u00fckba\u015f hayvan telef oldu.<br \/>\n<br \/>Yang\u0131n, saat 01.30 s\u0131ralar\u0131nda Ye\u015filova il\u00e7esine ba\u011fl\u0131 Bay\u0131nd\u0131r k\u00f6y\u00fcnde meydana geldi. Edinilen bilgilere g\u00f6re, Deniz D.\u2019ye ait evin biti\u015fi\u011findeki a\u011f\u0131lda hen\u00fcz bilinmeyen bir nedenle yang\u0131n \u00e7\u0131kt\u0131. \u00c7evredeki vatanda\u015flar\u0131n 112 Acil \u00c7a\u011fr\u0131 Merkezi\u2019ne yapt\u0131\u011f\u0131 ihbarla olay yerine jandarma, itfaiye ve sa\u011fl\u0131k ekipleri sevk edildi. K\u0131sa s\u00fcrede olay yerine ula\u015fan itfaiye ekipleri, yo\u011fun \u00e7aba sonucu yang\u0131n\u0131 kontrol alt\u0131na alarak s\u00f6nd\u00fcrd\u00fc. Yang\u0131n nedeniyle a\u011f\u0131l tamamen kullan\u0131lamaz hale gelirken i\u00e7eride bulunan 10 k\u00fc\u00e7\u00fckba\u015f hayvan telef oldu.<br \/>\n<br \/>Olayla ilgili inceleme ba\u015flat\u0131ld\u0131.<br \/><\/p>\n","protected":false},"excerpt":{"rendered":"<p>Burdur\u2019un Ye\u015filova il\u00e7esinde bir a\u011f\u0131lda \u00e7\u0131kan yang\u0131nda 10 k\u00fc\u00e7\u00fckba\u015f hayvan telef oldu. Yang\u0131n, saat 01.30 s\u0131ralar\u0131nda Ye\u015filova il\u00e7esine ba\u011fl\u0131 Bay\u0131nd\u0131r k\u00f6y\u00fcnde meydana geldi. Edinilen bilgilere g\u00f6re, Deniz D.\u2019ye ait evin biti\u015fi\u011findeki a\u011f\u0131lda hen\u00fcz bilinmeyen bir nedenle yang\u0131n \u00e7\u0131kt\u0131. \u00c7evredeki vatanda\u015flar\u0131n 112 Acil \u00c7a\u011fr\u0131 Merkezi\u2019ne yapt\u0131\u011f\u0131 ihbarla olay yerine jandarma, itfaiye ve sa\u011fl\u0131k ekipleri sevk edildi&#8230;.<\/p>\n","protected":false},"author":1,"featured_media":40642,"comment_status":"open","ping_status":"open","sticky":false,"template":"","format":"standard","meta":{"_crdt_document":"","footnotes":""},"categories":[5],"tags":[],"class_list":["post-40641","post","type-post","status-publish","format-standard","has-post-thumbnail","hentry","category-asayis"],"_links":{"self":[{"href":"https:\/\/www.egemtv.com\/index.php?rest_route=\/wp\/v2\/posts\/40641","targetHints":{"allow":["GET"]}}],"collection":[{"href":"https:\/\/www.egemtv.com\/index.php?rest_route=\/wp\/v2\/posts"}],"about":[{"href":"https:\/\/www.egemtv.com\/index.php?rest_route=\/wp\/v2\/types\/post"}],"author":[{"embeddable":true,"href":"https:\/\/www.egemtv.com\/index.php?rest_route=\/wp\/v2\/users\/1"}],"replies":[{"embeddable":true,"href":"https:\/\/www.egemtv.com\/index.php?rest_route=%2Fwp%2Fv2%2Fcomments&post=40641"}],"version-history":[{"count":1,"href":"https:\/\/www.egemtv.com\/index.php?rest_route=\/wp\/v2\/posts\/40641\/revisions"}],"predecessor-version":[{"id":40643,"href":"https:\/\/www.egemtv.com\/index.php?rest_route=\/wp\/v2\/posts\/40641\/revisions\/40643"}],"wp:featuredmedia":[{"embeddable":true,"href":"https:\/\/www.egemtv.com\/index.php?rest_route=\/wp\/v2\/media\/40642"}],"wp:attachment":[{"href":"https:\/\/www.egemtv.com\/index.php?rest_route=%2Fwp%2Fv2%2Fmedia&parent=40641"}],"wp:term":[{"taxonomy":"category","embeddable":true,"href":"https:\/\/www.egemtv.com\/index.php?rest_route=%2Fwp%2Fv2%2Fcategories&post=40641"},{"taxonomy":"post_tag","embeddable":true,"href":"https:\/\/www.egemtv.com\/index.php?rest_route=%2Fwp%2Fv2%2Ftags&post=40641"}],"curies":[{"name":"wp","href":"https:\/\/api.w.org\/{rel}","templated":true}]}}