{"id":40599,"date":"2025-07-08T11:15:47","date_gmt":"2025-07-08T08:15:47","guid":{"rendered":"https:\/\/www.egemtv.com\/?p=40599"},"modified":"2025-07-08T11:15:53","modified_gmt":"2025-07-08T08:15:53","slug":"muglaya-4-yeni-ambulans-tahsis-edildi","status":"publish","type":"post","link":"https:\/\/www.egemtv.com\/?p=40599","title":{"rendered":"Mu\u011fla\u2019ya 4 yeni ambulans tahsis edildi"},"content":{"rendered":"<p>Mu\u011fla\u2019da acil sa\u011fl\u0131k hizmetlerinin kapasitesini art\u0131rmak amac\u0131yla \u00f6nemli bir ad\u0131m at\u0131ld\u0131. \u0130l Sa\u011fl\u0131k M\u00fcd\u00fcr\u00fc Dr. Eri\u015f Ba\u015faran Ak\u00e7a\u2019n\u0131n Sa\u011fl\u0131k Bakanl\u0131\u011f\u0131 Acil Sa\u011fl\u0131k Hizmetleri Genel M\u00fcd\u00fcrl\u00fc\u011f\u00fc\u2019ne iletti\u011fi talep do\u011frultusunda, ilk etapta ilimize 4 adet yeni tam donan\u0131ml\u0131 ambulans tahsis edildi.<br \/>\n<br \/>Yeni ambulanslar, 112 Acil Sa\u011fl\u0131k Hizmetleri filosuna kat\u0131larak il genelinde sunulan sa\u011fl\u0131k hizmetlerinin daha h\u0131zl\u0131, etkin ve g\u00fcvenli bir \u015fekilde ula\u015ft\u0131r\u0131lmas\u0131na katk\u0131 sa\u011flayacak. Modern t\u0131bbi ekipmanlarla donat\u0131lm\u0131\u015f ambulanslar, \u00f6zellikle hayati \u00f6neme sahip vakalara m\u00fcdahalede sa\u011fl\u0131k personeline \u00f6nemli kolayl\u0131klar sunacak.<br \/>\n<br \/>Mu\u011fla \u0130l Sa\u011fl\u0131k M\u00fcd\u00fcrl\u00fc\u011f\u00fc\u2019nden yap\u0131lan a\u00e7\u0131klamada, &#8220;Cumhurba\u015fkan\u0131m\u0131z Recep Tayyip Erdo\u011fan\u2019a ve Sa\u011fl\u0131k Bakan\u0131m\u0131z Prof. Dr. Kemal Memi\u015fo\u011flu\u2019na ilimize g\u00f6sterdikleri ilgi ve destekten dolay\u0131 te\u015fekk\u00fcr eder, bu \u00f6nemli katk\u0131n\u0131n t\u00fcm vatanda\u015flar\u0131m\u0131za hay\u0131rl\u0131 olmas\u0131n\u0131 temenni ederiz&#8221; ifadelerine yer verildi.<br \/><\/p>\n","protected":false},"excerpt":{"rendered":"<p>Mu\u011fla\u2019da acil sa\u011fl\u0131k hizmetlerinin kapasitesini art\u0131rmak amac\u0131yla \u00f6nemli bir ad\u0131m at\u0131ld\u0131. \u0130l Sa\u011fl\u0131k M\u00fcd\u00fcr\u00fc Dr. Eri\u015f Ba\u015faran Ak\u00e7a\u2019n\u0131n Sa\u011fl\u0131k Bakanl\u0131\u011f\u0131 Acil Sa\u011fl\u0131k Hizmetleri Genel M\u00fcd\u00fcrl\u00fc\u011f\u00fc\u2019ne iletti\u011fi talep do\u011frultusunda, ilk etapta ilimize 4 adet yeni tam donan\u0131ml\u0131 ambulans tahsis edildi. Yeni ambulanslar, 112 Acil Sa\u011fl\u0131k Hizmetleri filosuna kat\u0131larak il genelinde sunulan sa\u011fl\u0131k hizmetlerinin daha h\u0131zl\u0131, etkin&#8230;<\/p>\n","protected":false},"author":1,"featured_media":40600,"comment_status":"open","ping_status":"open","sticky":false,"template":"","format":"standard","meta":{"_crdt_document":"","footnotes":""},"categories":[2],"tags":[],"class_list":["post-40599","post","type-post","status-publish","format-standard","has-post-thumbnail","hentry","category-saglik"],"_links":{"self":[{"href":"https:\/\/www.egemtv.com\/index.php?rest_route=\/wp\/v2\/posts\/40599","targetHints":{"allow":["GET"]}}],"collection":[{"href":"https:\/\/www.egemtv.com\/index.php?rest_route=\/wp\/v2\/posts"}],"about":[{"href":"https:\/\/www.egemtv.com\/index.php?rest_route=\/wp\/v2\/types\/post"}],"author":[{"embeddable":true,"href":"https:\/\/www.egemtv.com\/index.php?rest_route=\/wp\/v2\/users\/1"}],"replies":[{"embeddable":true,"href":"https:\/\/www.egemtv.com\/index.php?rest_route=%2Fwp%2Fv2%2Fcomments&post=40599"}],"version-history":[{"count":1,"href":"https:\/\/www.egemtv.com\/index.php?rest_route=\/wp\/v2\/posts\/40599\/revisions"}],"predecessor-version":[{"id":40601,"href":"https:\/\/www.egemtv.com\/index.php?rest_route=\/wp\/v2\/posts\/40599\/revisions\/40601"}],"wp:featuredmedia":[{"embeddable":true,"href":"https:\/\/www.egemtv.com\/index.php?rest_route=\/wp\/v2\/media\/40600"}],"wp:attachment":[{"href":"https:\/\/www.egemtv.com\/index.php?rest_route=%2Fwp%2Fv2%2Fmedia&parent=40599"}],"wp:term":[{"taxonomy":"category","embeddable":true,"href":"https:\/\/www.egemtv.com\/index.php?rest_route=%2Fwp%2Fv2%2Fcategories&post=40599"},{"taxonomy":"post_tag","embeddable":true,"href":"https:\/\/www.egemtv.com\/index.php?rest_route=%2Fwp%2Fv2%2Ftags&post=40599"}],"curies":[{"name":"wp","href":"https:\/\/api.w.org\/{rel}","templated":true}]}}