{"id":40596,"date":"2025-07-08T11:15:42","date_gmt":"2025-07-08T08:15:42","guid":{"rendered":"https:\/\/www.egemtv.com\/?p=40596"},"modified":"2025-07-08T11:15:47","modified_gmt":"2025-07-08T08:15:47","slug":"akcigerdeki-nodul-kapali-cerrahi-yontemle-alinarak-bir-ilk-gerceklestirildi","status":"publish","type":"post","link":"https:\/\/www.egemtv.com\/?p=40596","title":{"rendered":"Akci\u011ferdeki nod\u00fcl, kapal\u0131 cerrahi y\u00f6ntemle al\u0131narak bir ilk ger\u00e7ekle\u015ftirildi"},"content":{"rendered":"<p>\u0130zmir Ekonomi \u00dcniversitesi (\u0130E\u00dc) Medical Point Hastanesi, \u0130zmir b\u00f6lgesinde bir ilke daha imza att\u0131. 76 ya\u015f\u0131ndaki Fatma Slem\u2019in akci\u011ferinde tespit edilen nod\u00fcl, Giri\u015fimsel Radyoloji deste\u011fiyle i\u015faretlendi, ard\u0131ndan kapal\u0131 cerrahi y\u00f6ntemle ba\u015far\u0131yla \u00e7\u0131kar\u0131ld\u0131. Bu operasyon, hem hastane hem de b\u00f6lge a\u00e7\u0131s\u0131ndan \u00f6nemli bir referans vaka olarak kay\u0131tlara ge\u00e7ti.<br \/>\n<br \/>Yakla\u015f\u0131k 9 ay \u00f6nce \u00e7ekilen bir tomografide, hastan\u0131n sa\u011f akci\u011fer \u00fcst lobunda &#8220;buzlu cam&#8221; g\u00f6r\u00fcn\u00fcm\u00fcnde bir nod\u00fcl saptand\u0131. Takip s\u00fcrecinde nod\u00fclde b\u00fcy\u00fcme g\u00f6zlemlendi. Vaka, \u0130E\u00dc Medical Point Hastanesi\u2019nin multidisipliner onkoloji konseyinde de\u011ferlendirilerek cerrahi m\u00fcdahale karar\u0131 al\u0131nd\u0131.<\/p>\n<p>\u0130\u015faretleme giri\u015fimsel radyoloji ile yap\u0131ld\u0131, cerrahi kapal\u0131 y\u00f6ntemle ger\u00e7ekle\u015ftirildi<br \/>\n<br \/>Operasyon \u00f6ncesi, giri\u015fimsel radyoloji ekibi taraf\u0131ndan nod\u00fcl \u00f6zel bir teknikle i\u015faretlendi. Ard\u0131ndan Prof. Dr. Hakk\u0131 Uluta\u015f liderli\u011findeki g\u00f6\u011f\u00fcs cerrahisi ekibi taraf\u0131ndan kapal\u0131 (endoskopik) y\u00f6ntemle &#8211; sa\u011f uniportal VATS (tek delikli video yard\u0131ml\u0131 torakoskopik cerrahi) ile \u00fcst lob apikal segmentektomi i\u015flemi ger\u00e7ekle\u015ftirildi. Bu anatomik rezeksiyon s\u0131ras\u0131nda ayr\u0131ca mediastinal lenf nodlar\u0131 da temizlendi.<br \/>\n<br \/>Bu vaka, \u0130zmir\u2019de Giri\u015fimsel Radyoloji ile i\u015faretlenmi\u015f bir akci\u011fer nod\u00fcl\u00fcn\u00fcn uniportal VATS y\u00f6ntemiyle \u00e7\u0131kar\u0131ld\u0131\u011f\u0131 ilk operasyon olma \u00f6zelli\u011fi ta\u015f\u0131yor.<\/p>\n<p>&#8220;\u00c7ok az diki\u015fle, hi\u00e7 a\u011fr\u0131 hissetmedim&#8221;<br \/>\n<br \/>Ameliyat sonras\u0131 s\u00fcreci de\u011ferlendiren hasta Fatma Slem, &#8220;Ameliyat\u0131m kapal\u0131 y\u00f6ntemle yap\u0131ld\u0131, \u00e7ok az diki\u015fim vard\u0131. Hi\u00e7bir a\u011fr\u0131 hissetmedim. K\u0131sa s\u00fcrede toparland\u0131m ve yeniden sa\u011fl\u0131\u011f\u0131ma kavu\u015ftum.&#8221; dedi.<\/p>\n<p>Erken evre kanser tespit edildi, ek tedaviye gerek kalmad\u0131<br \/>\n<br \/>Ameliyat\u0131 ger\u00e7ekle\u015ftiren G\u00f6\u011f\u00fcs Cerrahisi Uzman\u0131 Prof. Dr. Hakk\u0131 Uluta\u015f, operasyonu \u015fu s\u00f6zlerle de\u011ferlendirdi: &#8220;Akci\u011fer hastal\u0131klar\u0131na multidisipliner bir bak\u0131\u015f a\u00e7\u0131s\u0131yla yakla\u015f\u0131yor, tan\u0131dan tedaviye t\u00fcm a\u015famalar\u0131 ekip ile birlikte planl\u0131yoruz. Bu vakada da giri\u015fimsel radyolojinin deste\u011fiyle, yakla\u015f\u0131k 1.5 santimetrelik buzlu cam nod\u00fcl\u00fcn\u00fc endoskopik y\u00f6ntemle \u00e7\u0131kard\u0131k. Patoloji sonucu erken evre akci\u011fer kanseri (insitu adenokarsinom) saptand\u0131. T\u00fcm\u00f6r s\u0131n\u0131rlar\u0131 temizdi, bu nedenle ek tedaviye ihtiya\u00e7 duyulmad\u0131. Hastam\u0131z, ameliyat sonras\u0131 ikinci g\u00fcnde temel ihtiya\u00e7lar\u0131n\u0131 kendi kar\u015f\u0131lamaya ba\u015flad\u0131.&#8221;<br \/><\/p>\n","protected":false},"excerpt":{"rendered":"<p>\u0130zmir Ekonomi \u00dcniversitesi (\u0130E\u00dc) Medical Point Hastanesi, \u0130zmir b\u00f6lgesinde bir ilke daha imza att\u0131. 76 ya\u015f\u0131ndaki Fatma Slem\u2019in akci\u011ferinde tespit edilen nod\u00fcl, Giri\u015fimsel Radyoloji deste\u011fiyle i\u015faretlendi, ard\u0131ndan kapal\u0131 cerrahi y\u00f6ntemle ba\u015far\u0131yla \u00e7\u0131kar\u0131ld\u0131. Bu operasyon, hem hastane hem de b\u00f6lge a\u00e7\u0131s\u0131ndan \u00f6nemli bir referans vaka olarak kay\u0131tlara ge\u00e7ti. Yakla\u015f\u0131k 9 ay \u00f6nce \u00e7ekilen bir tomografide, hastan\u0131n&#8230;<\/p>\n","protected":false},"author":1,"featured_media":40597,"comment_status":"open","ping_status":"open","sticky":false,"template":"","format":"standard","meta":{"_crdt_document":"","footnotes":""},"categories":[2],"tags":[],"class_list":["post-40596","post","type-post","status-publish","format-standard","has-post-thumbnail","hentry","category-saglik"],"_links":{"self":[{"href":"https:\/\/www.egemtv.com\/index.php?rest_route=\/wp\/v2\/posts\/40596","targetHints":{"allow":["GET"]}}],"collection":[{"href":"https:\/\/www.egemtv.com\/index.php?rest_route=\/wp\/v2\/posts"}],"about":[{"href":"https:\/\/www.egemtv.com\/index.php?rest_route=\/wp\/v2\/types\/post"}],"author":[{"embeddable":true,"href":"https:\/\/www.egemtv.com\/index.php?rest_route=\/wp\/v2\/users\/1"}],"replies":[{"embeddable":true,"href":"https:\/\/www.egemtv.com\/index.php?rest_route=%2Fwp%2Fv2%2Fcomments&post=40596"}],"version-history":[{"count":1,"href":"https:\/\/www.egemtv.com\/index.php?rest_route=\/wp\/v2\/posts\/40596\/revisions"}],"predecessor-version":[{"id":40598,"href":"https:\/\/www.egemtv.com\/index.php?rest_route=\/wp\/v2\/posts\/40596\/revisions\/40598"}],"wp:featuredmedia":[{"embeddable":true,"href":"https:\/\/www.egemtv.com\/index.php?rest_route=\/wp\/v2\/media\/40597"}],"wp:attachment":[{"href":"https:\/\/www.egemtv.com\/index.php?rest_route=%2Fwp%2Fv2%2Fmedia&parent=40596"}],"wp:term":[{"taxonomy":"category","embeddable":true,"href":"https:\/\/www.egemtv.com\/index.php?rest_route=%2Fwp%2Fv2%2Fcategories&post=40596"},{"taxonomy":"post_tag","embeddable":true,"href":"https:\/\/www.egemtv.com\/index.php?rest_route=%2Fwp%2Fv2%2Ftags&post=40596"}],"curies":[{"name":"wp","href":"https:\/\/api.w.org\/{rel}","templated":true}]}}