{"id":40593,"date":"2025-07-08T10:56:30","date_gmt":"2025-07-08T07:56:30","guid":{"rendered":"https:\/\/www.egemtv.com\/?p=40593"},"modified":"2025-07-08T10:56:39","modified_gmt":"2025-07-08T07:56:39","slug":"sarkikaraagacta-devrilen-tirin-surucusu-yaralandi","status":"publish","type":"post","link":"https:\/\/www.egemtv.com\/?p=40593","title":{"rendered":"\u015earkikaraa\u011fa\u00e7\u2019ta devrilen t\u0131r\u0131n s\u00fcr\u00fcc\u00fcs\u00fc yaraland\u0131"},"content":{"rendered":"<p>Isparta\u2019n\u0131n \u015earkikaraa\u011fa\u00e7 il\u00e7esi Fele k\u00f6y\u00fc yolunda s\u00fcr\u00fcc\u00fcs\u00fcn\u00fcn direksiyon hakimiyetini kaybetti\u011fi t\u0131r \u015farampole devrildi. Kazada ara\u00e7ta s\u0131k\u0131\u015fan s\u00fcr\u00fcc\u00fc itfaiye ekiplerinin yakla\u015f\u0131k 1,5 saatlik m\u00fcdahalesiyle kurtar\u0131ld\u0131.<br \/>\n<br \/>Kaza, Isparta\u2019n\u0131n \u015earkikaraa\u011fa\u00e7 il\u00e7esi Fele k\u00f6y\u00fc yolunda meydana geldi. Edinilen bilgiye g\u00f6re, Ali O. idaresindeki t\u0131r, s\u00fcr\u00fcc\u00fcs\u00fcn\u00fcn direksiyon hakimiyetini kaybetmesi sonucu kontrolden \u00e7\u0131karak \u015farampole devrildi. \u0130hbar \u00fczerine olay yerine sa\u011fl\u0131k, jandarma ve \u015earkikaraa\u011fa\u00e7 Belediyesi\u2019ne ba\u011fl\u0131 itfaiye ekipleri sevk edildi. Kazada ara\u00e7 i\u00e7erisinde s\u0131k\u0131\u015fan s\u00fcr\u00fcc\u00fc, yakla\u015f\u0131k 1,5 saatlik \u00e7al\u0131\u015fman\u0131n ard\u0131ndan itfaiye ekiplerince kurtar\u0131ld\u0131. Yaral\u0131 s\u00fcr\u00fcc\u00fc, sa\u011fl\u0131k ekiplerinin ilk m\u00fcdahalesinin ard\u0131ndan \u015earkikaraa\u011fa\u00e7 Devlet Hastanesi\u2019ne kald\u0131r\u0131larak tedavi alt\u0131na al\u0131nd\u0131. Jandarma ekipleri kazayla ilgili inceleme ba\u015flatt\u0131.<\/p>\n","protected":false},"excerpt":{"rendered":"<p>Isparta\u2019n\u0131n \u015earkikaraa\u011fa\u00e7 il\u00e7esi Fele k\u00f6y\u00fc yolunda s\u00fcr\u00fcc\u00fcs\u00fcn\u00fcn direksiyon hakimiyetini kaybetti\u011fi t\u0131r \u015farampole devrildi. Kazada ara\u00e7ta s\u0131k\u0131\u015fan s\u00fcr\u00fcc\u00fc itfaiye ekiplerinin yakla\u015f\u0131k 1,5 saatlik m\u00fcdahalesiyle kurtar\u0131ld\u0131. Kaza, Isparta\u2019n\u0131n \u015earkikaraa\u011fa\u00e7 il\u00e7esi Fele k\u00f6y\u00fc yolunda meydana geldi. Edinilen bilgiye g\u00f6re, Ali O. idaresindeki t\u0131r, s\u00fcr\u00fcc\u00fcs\u00fcn\u00fcn direksiyon hakimiyetini kaybetmesi sonucu kontrolden \u00e7\u0131karak \u015farampole devrildi. \u0130hbar \u00fczerine olay yerine sa\u011fl\u0131k, jandarma&#8230;<\/p>\n","protected":false},"author":1,"featured_media":40594,"comment_status":"open","ping_status":"open","sticky":false,"template":"","format":"standard","meta":{"_crdt_document":"","footnotes":""},"categories":[5],"tags":[],"class_list":["post-40593","post","type-post","status-publish","format-standard","has-post-thumbnail","hentry","category-asayis"],"_links":{"self":[{"href":"https:\/\/www.egemtv.com\/index.php?rest_route=\/wp\/v2\/posts\/40593","targetHints":{"allow":["GET"]}}],"collection":[{"href":"https:\/\/www.egemtv.com\/index.php?rest_route=\/wp\/v2\/posts"}],"about":[{"href":"https:\/\/www.egemtv.com\/index.php?rest_route=\/wp\/v2\/types\/post"}],"author":[{"embeddable":true,"href":"https:\/\/www.egemtv.com\/index.php?rest_route=\/wp\/v2\/users\/1"}],"replies":[{"embeddable":true,"href":"https:\/\/www.egemtv.com\/index.php?rest_route=%2Fwp%2Fv2%2Fcomments&post=40593"}],"version-history":[{"count":1,"href":"https:\/\/www.egemtv.com\/index.php?rest_route=\/wp\/v2\/posts\/40593\/revisions"}],"predecessor-version":[{"id":40595,"href":"https:\/\/www.egemtv.com\/index.php?rest_route=\/wp\/v2\/posts\/40593\/revisions\/40595"}],"wp:featuredmedia":[{"embeddable":true,"href":"https:\/\/www.egemtv.com\/index.php?rest_route=\/wp\/v2\/media\/40594"}],"wp:attachment":[{"href":"https:\/\/www.egemtv.com\/index.php?rest_route=%2Fwp%2Fv2%2Fmedia&parent=40593"}],"wp:term":[{"taxonomy":"category","embeddable":true,"href":"https:\/\/www.egemtv.com\/index.php?rest_route=%2Fwp%2Fv2%2Fcategories&post=40593"},{"taxonomy":"post_tag","embeddable":true,"href":"https:\/\/www.egemtv.com\/index.php?rest_route=%2Fwp%2Fv2%2Ftags&post=40593"}],"curies":[{"name":"wp","href":"https:\/\/api.w.org\/{rel}","templated":true}]}}