{"id":40590,"date":"2025-07-08T10:56:26","date_gmt":"2025-07-08T07:56:26","guid":{"rendered":"https:\/\/www.egemtv.com\/?p=40590"},"modified":"2025-07-08T10:56:30","modified_gmt":"2025-07-08T07:56:30","slug":"orman-sehitlerinin-adlari-odemiste-yasatilacak","status":"publish","type":"post","link":"https:\/\/www.egemtv.com\/?p=40590","title":{"rendered":"Orman \u015fehitlerinin adlar\u0131 \u00d6demi\u015f\u2019te ya\u015fat\u0131lacak"},"content":{"rendered":"<p>\u0130zmir\u2019in \u00d6demi\u015f il\u00e7esinde Orman Genel M\u00fcd\u00fcrl\u00fc\u011f\u00fc b\u00fcnyesinde \u00e7al\u0131\u015fan 2 personelin \u015fehit oldu\u011fu ve 1 vatanda\u015f\u0131n hayat\u0131n\u0131 kaybetti\u011fi orman yang\u0131n\u0131nda, etkilenen 6 mahalledeki yaralar sar\u0131lmaya \u00e7al\u0131\u015f\u0131l\u0131yor. Yang\u0131nda ye\u015fil vatan\u0131 korumaya \u00e7al\u0131\u015f\u0131rken \u015fehit olan orman \u00e7al\u0131\u015fanlar\u0131 \u0130brahim Demir ve Rag\u0131p \u015eahin\u2019in isimleri, \u00d6demi\u015f\u2019te park ve hat\u0131ra ormanlar\u0131na verilerek ya\u015fat\u0131lacak.<br \/>\n<br \/>\u00d6demi\u015f il\u00e7esinde 2 Temmuz\u2019da ba\u015flay\u0131p 5 Temmuz\u2019da kontrol alt\u0131na al\u0131nabilen orman yang\u0131n\u0131nda 2 orman \u00e7al\u0131\u015fan\u0131 \u015fehit olurken bir vatanda\u015f ise hayat\u0131n\u0131 kaybetmi\u015fti. Bu zor d\u00f6nemde \u00d6demi\u015f Belediye Meclisi anlaml\u0131 kararlara imza att\u0131. Yang\u0131nda ye\u015fil vatan\u0131 korumaya \u00e7al\u0131\u015f\u0131rken \u015fehit olan orman \u00e7al\u0131\u015fanlar\u0131 \u0130brahim Demir ve Rag\u0131p \u015eahin\u2019in adlar\u0131n\u0131n \u015fehir merkezinde ya\u015fat\u0131lmas\u0131 i\u00e7in d\u00fcn ak\u015fam yap\u0131lan ola\u011fan meclis toplant\u0131s\u0131nda t\u00fcm parti gruplar\u0131 \u00f6nerge sundu. Ayr\u0131ca t\u00fcm meclis \u00fcyeleri, 1 ayl\u0131k s\u00fcre\u00e7teki meclis toplant\u0131s\u0131 ve ihtisas komisyonu huzur hakk\u0131 \u00fccretlerini yang\u0131n\u0131n yaralar\u0131n\u0131n sar\u0131lmas\u0131 i\u00e7in d\u00fczenlenecek kampanyaya ba\u011f\u0131\u015flama karar\u0131 ald\u0131.<br \/>\n<br \/>B\u00fcy\u00fck bir yang\u0131n felaketiyle y\u00fcreklerinin de yand\u0131\u011f\u0131n\u0131 ifade eden \u00d6demi\u015f Belediye Ba\u015fkan\u0131 Mustafa Turan, &#8220;\u00c7ok zor bir d\u00f6nemden ge\u00e7iyoruz. Yang\u0131nda canlar\u0131m\u0131z\u0131 yitirdik. \u00c7ok geni\u015f alanda ormanlar\u0131m\u0131z yok oldu. Tosunlar ve Karado\u011fan mahallelerimizde yerle\u015fim alanlar\u0131 yand\u0131. Di\u011fer mahallelerimizde k\u0131smen konutlar, ah\u0131rlar, zeytin bah\u00e7eleri zarar g\u00f6rd\u00fc. T\u00fcm kurumlar\u0131m\u0131zla koordinasyon i\u00e7erisinde yaralar\u0131 hep birlikte saraca\u011f\u0131m\u0131z bir d\u00f6nem ba\u015fl\u0131yor. Bu zor g\u00fcnlerde elbette bizleri duyguland\u0131ran bir dayan\u0131\u015fma da ortaya \u00e7\u0131kt\u0131&#8221; dedi.<\/p>\n<p>\u015eehitlerin isimleri parklarda ve hat\u0131ra ormanlar\u0131nda ya\u015fat\u0131lacak<br \/>\n<br \/>Yang\u0131n felaketinde mahallelerin tahliyesi s\u0131ras\u0131nda \u00e7ok say\u0131da \u00fcreticinin kamyonlar\u0131yla, kamyonetleriyle b\u00fcy\u00fckba\u015f k\u00fc\u00e7\u00fckba\u015f hayvanlar\u0131 ta\u015f\u0131maya g\u00f6n\u00fcll\u00fc oldu\u011funu vurgulayan Ba\u015fkan Turan, &#8220;Trakt\u00f6r\u00fcn\u00fcn arkas\u0131na tankerini takan, taral takan yang\u0131n b\u00f6lgesine gitti. Mand\u0131ralar\u0131m\u0131z s\u00fct tankerlerini su takviyesine yollad\u0131. Beton mikserlerimiz su takviyesine ko\u015ftu. T\u00fcrkiye\u2019nin d\u00f6rt bir yan\u0131ndan Orman \u0130\u015fletme ekiplerimiz il\u00e7emize geldi. Zonguldak\u2019tan Kayseri\u2019ye, Bursa\u2019dan Konya\u2019ya dek belediyelerimizin ekipleri yard\u0131m i\u00e7in geldi. Tek y\u00fcrek olduk, kenetlendik. Bu yang\u0131nda bizler i\u00e7in canlar\u0131n\u0131 feda eden orman i\u015f\u00e7ilerimiz \u0130brahim Demir ve Rag\u0131p \u015eahin\u2019in fedakarl\u0131klar\u0131 asla unutulmayacak. Hat\u0131ralar\u0131 il\u00e7emizde ya\u015fat\u0131lacak. Yeni nesiller bu kahramanlar\u0131n \u00f6yk\u00fcs\u00fcn\u00fc bilecek ve do\u011fas\u0131na sahip \u00e7\u0131kma bilinciyle yeti\u015fecek. Bu noktada t\u00fcm meclis gruplar\u0131m\u0131z\u0131n \u00f6nerileri oldu. Biz de bu \u00f6nergeleri tek \u00f6nerge olarak kabul ettik. \u0130lgili ihtisas komisyonlar\u0131m\u0131zda g\u00f6r\u00fc\u015f\u00fcl\u00fcp en k\u0131sa s\u00fcrede \u00d6demi\u015flilerin karar\u0131 olarak yeniden meclise gelecek. \u015eehrimizdeki parklarda ve olu\u015fturulacak hat\u0131ra ormanlar\u0131nda \u015fehitlerimizin adlar\u0131n\u0131 ya\u015fataca\u011f\u0131z. Meclis \u00fcyelerimiz yine \u00f6rnek bir dayan\u0131\u015fmayla yaralar\u0131 sarmak \u00fczere d\u00fczenlenen yard\u0131m kampanyas\u0131na bu ayki meclis oturumu ve komisyon huzur haklar\u0131n\u0131 ba\u011f\u0131\u015flama karar\u0131 ald\u0131lar. Bu zor d\u00f6nemi bu dayan\u0131\u015fmayla a\u015faca\u011f\u0131z. Orman \u015fehitlerimiz \u0130brahim Demir ve Rag\u0131p \u015eahin\u2019e, yang\u0131n\u0131n ilk ak\u015fam\u0131nda yitirdi\u011fimiz \u0130brahim Erkan amcam\u0131za Allah\u2019tan rahmet, ailelerine ve sevenlerine sab\u0131rlar dilerim&#8221; ifadelerini kulland\u0131.<br \/><\/p>\n","protected":false},"excerpt":{"rendered":"<p>\u0130zmir\u2019in \u00d6demi\u015f il\u00e7esinde Orman Genel M\u00fcd\u00fcrl\u00fc\u011f\u00fc b\u00fcnyesinde \u00e7al\u0131\u015fan 2 personelin \u015fehit oldu\u011fu ve 1 vatanda\u015f\u0131n hayat\u0131n\u0131 kaybetti\u011fi orman yang\u0131n\u0131nda, etkilenen 6 mahalledeki yaralar sar\u0131lmaya \u00e7al\u0131\u015f\u0131l\u0131yor. Yang\u0131nda ye\u015fil vatan\u0131 korumaya \u00e7al\u0131\u015f\u0131rken \u015fehit olan orman \u00e7al\u0131\u015fanlar\u0131 \u0130brahim Demir ve Rag\u0131p \u015eahin\u2019in isimleri, \u00d6demi\u015f\u2019te park ve hat\u0131ra ormanlar\u0131na verilerek ya\u015fat\u0131lacak. \u00d6demi\u015f il\u00e7esinde 2 Temmuz\u2019da ba\u015flay\u0131p 5 Temmuz\u2019da kontrol&#8230;<\/p>\n","protected":false},"author":1,"featured_media":40591,"comment_status":"open","ping_status":"open","sticky":false,"template":"","format":"standard","meta":{"_crdt_document":"","footnotes":""},"categories":[1],"tags":[],"class_list":["post-40590","post","type-post","status-publish","format-standard","has-post-thumbnail","hentry","category-guncel"],"_links":{"self":[{"href":"https:\/\/www.egemtv.com\/index.php?rest_route=\/wp\/v2\/posts\/40590","targetHints":{"allow":["GET"]}}],"collection":[{"href":"https:\/\/www.egemtv.com\/index.php?rest_route=\/wp\/v2\/posts"}],"about":[{"href":"https:\/\/www.egemtv.com\/index.php?rest_route=\/wp\/v2\/types\/post"}],"author":[{"embeddable":true,"href":"https:\/\/www.egemtv.com\/index.php?rest_route=\/wp\/v2\/users\/1"}],"replies":[{"embeddable":true,"href":"https:\/\/www.egemtv.com\/index.php?rest_route=%2Fwp%2Fv2%2Fcomments&post=40590"}],"version-history":[{"count":1,"href":"https:\/\/www.egemtv.com\/index.php?rest_route=\/wp\/v2\/posts\/40590\/revisions"}],"predecessor-version":[{"id":40592,"href":"https:\/\/www.egemtv.com\/index.php?rest_route=\/wp\/v2\/posts\/40590\/revisions\/40592"}],"wp:featuredmedia":[{"embeddable":true,"href":"https:\/\/www.egemtv.com\/index.php?rest_route=\/wp\/v2\/media\/40591"}],"wp:attachment":[{"href":"https:\/\/www.egemtv.com\/index.php?rest_route=%2Fwp%2Fv2%2Fmedia&parent=40590"}],"wp:term":[{"taxonomy":"category","embeddable":true,"href":"https:\/\/www.egemtv.com\/index.php?rest_route=%2Fwp%2Fv2%2Fcategories&post=40590"},{"taxonomy":"post_tag","embeddable":true,"href":"https:\/\/www.egemtv.com\/index.php?rest_route=%2Fwp%2Fv2%2Ftags&post=40590"}],"curies":[{"name":"wp","href":"https:\/\/api.w.org\/{rel}","templated":true}]}}