{"id":40572,"date":"2025-07-08T10:16:45","date_gmt":"2025-07-08T07:16:45","guid":{"rendered":"https:\/\/www.egemtv.com\/?p=40572"},"modified":"2025-07-08T10:16:50","modified_gmt":"2025-07-08T07:16:50","slug":"desob-baskanvekili-ucgul-ticareti-gelistirmek-amaciyla-kosovada-temaslarda-bulundu","status":"publish","type":"post","link":"https:\/\/www.egemtv.com\/?p=40572","title":{"rendered":"DESOB Ba\u015fkanvekili \u00dc\u00e7g\u00fcl ticareti geli\u015ftirmek amac\u0131yla Kosova\u2019da temaslarda bulundu"},"content":{"rendered":"<p>Denizli Esnaf ve Sanatkarlar Odas\u0131 Birli\u011fi (DESOB) Ba\u015fkanvekili Osman \u00dc\u00e7g\u00fcl, Kosova ile ticari i\u015f birliklerinin artt\u0131r\u0131lmas\u0131 ve kar\u015f\u0131l\u0131kl\u0131 ticaretin kolayla\u015fmas\u0131 ve h\u0131zlanmas\u0131 ad\u0131na Kosava da yetkililer ile bir araya geldi. Osman \u00dc\u00e7g\u00fcl &#8220;Ticari ili\u015fkilerde kolayl\u0131klar\u0131 ve f\u0131rsatlar\u0131 \u00f6\u011frenmek i\u00e7in g\u00f6r\u00fc\u015fmelerimiz devam ediyor. \u0130nternet \u00e7a\u011f\u0131 ile esnaf\u0131m\u0131z da s\u0131n\u0131rlar\u0131n\u0131 a\u015fmal\u0131&#8221; dedi.<\/p>\n<p>DESOB Ba\u015fkanvekilimiz Osman \u00dc\u00e7g\u00fcl ticari ve k\u00fclt\u00fcrel ili\u015fkilerin artt\u0131r\u0131lmas\u0131, kar\u015f\u0131l\u0131kl\u0131 yat\u0131r\u0131m ve ticari faaliyetlerin kolayla\u015ft\u0131r\u0131lmas\u0131 ad\u0131na Kosova\u2019da yetkili mercileri ziyaret etti. T\u00fcrkiye Cumhuriyeti Prizren Baskonsolosu Celal Do\u011fan\u2019\u0131 makam\u0131nda ziyaret eden Osman \u00dc\u00e7g\u00fcl, hem T\u00fcrkiye\u2019ye yat\u0131r\u0131m hem de T\u00fcrkiye\u2019den Kosova\u2019ya yat\u0131r\u0131m konular\u0131ndaki sorunlar ve \u00e7\u00f6z\u00fcmler hakk\u0131nda haz\u0131rlanan dosyay\u0131 ve g\u00f6r\u00fc\u015flerini iletti.<\/p>\n<p>\u00dc\u00e7g\u00fcl ziyaretleri \u00e7er\u00e7evesinde daha \u00f6nce Denizli\u2019ye de ziyarette bulunan ESNAF \u0130\u015f Adamlar\u0131 ve Esnaflar Derne\u011fi\u2019ni de ziyaret etti. ESNAF Derne\u011fi Ba\u015fkan\u0131 Varis Xhejlani ve y\u00f6netimi ile toplant\u0131lar d\u00fczenleyen DESOB Ba\u015fkanvekili Osman \u00dc\u00e7g\u00fcl, Denizli Esnaf Odalar Birli\u011fi ile yap\u0131lacak olan ticari i\u015f birlikleri ve ortak \u00e7al\u0131\u015fmalar\u0131n \u00f6nemine dikkat \u00e7ekti.<br \/>\n<br \/>\u00dc\u00e7g\u00fcl &#8221; Amac\u0131m\u0131z ticari faaliyet olarak prosed\u00fcr olarak, daha az maliyetli \u00fclkelerimiz ile ticari ili\u015fkiler kurmakt\u0131r. Bu anlamda Kosova ile g\u00f6r\u00fc\u015fmelerimiz aral\u0131ks\u0131z devam ediyor. \u00dcr\u00fcn\u00fcn\u00fc, ticaretini, hizmetini Kosova\u2019da yapmak isteyenler, yada Kosova\u2019dan ilimizde \u00fclkemizde yapmak isteyen esnaflar\u0131m\u0131z i\u00e7in bu toplant\u0131lar \u00f6nemli. \u0130\u015f f\u0131rsatlar\u0131n\u0131, kolayl\u0131klar\u0131n\u0131 artt\u0131rmak ve sunmak  i\u00e7in \u00e7al\u0131\u015f\u0131yoruz. Denizli Esnaf Odalar\u0131 Birli\u011fi Ba\u015fkan\u0131m\u0131z Mehmet Ali Erbe\u011fi Ba\u015fkan\u0131m\u0131z\u0131n \u00f6nc\u00fcl\u00fc\u011f\u00fcnde \u00e7al\u0131\u015fmalar\u0131m\u0131z devam etmektedir. Esnaf\u0131m\u0131z internet \u00e7a\u011f\u0131 ile birlikte s\u0131n\u0131rlar\u0131n\u0131 a\u015fmas\u0131na bir nebze katk\u0131 sunmak bizlerin g\u00f6revidir. Mesela il\u00e7ede ki bir tar\u0131m \u00fcr\u00fcn\u00fc, bir el eme\u011fi \u00fcr\u00fcn\u00fc, \u015fimdi internet ile kargo a\u011f\u0131n\u0131n geni\u015flemesi ile il\u00e7eden, ile, ilden \u00fclkenin her \u015fehrine ula\u015fmaktad\u0131r. \u00dclke d\u0131\u015f\u0131na dahi sat\u0131lan \u00fcr\u00fcnler var. \u0130\u015fte Kosova\u2019da da bu pazarlar\u0131n daha fazla olu\u015fmas\u0131 i\u00e7in \u00e7abalar\u0131m\u0131z devam edecek&#8221; dedi.<br \/><\/p>\n","protected":false},"excerpt":{"rendered":"<p>Denizli Esnaf ve Sanatkarlar Odas\u0131 Birli\u011fi (DESOB) Ba\u015fkanvekili Osman \u00dc\u00e7g\u00fcl, Kosova ile ticari i\u015f birliklerinin artt\u0131r\u0131lmas\u0131 ve kar\u015f\u0131l\u0131kl\u0131 ticaretin kolayla\u015fmas\u0131 ve h\u0131zlanmas\u0131 ad\u0131na Kosava da yetkililer ile bir araya geldi. Osman \u00dc\u00e7g\u00fcl &#8220;Ticari ili\u015fkilerde kolayl\u0131klar\u0131 ve f\u0131rsatlar\u0131 \u00f6\u011frenmek i\u00e7in g\u00f6r\u00fc\u015fmelerimiz devam ediyor. \u0130nternet \u00e7a\u011f\u0131 ile esnaf\u0131m\u0131z da s\u0131n\u0131rlar\u0131n\u0131 a\u015fmal\u0131&#8221; dedi. DESOB Ba\u015fkanvekilimiz Osman \u00dc\u00e7g\u00fcl ticari&#8230;<\/p>\n","protected":false},"author":1,"featured_media":40573,"comment_status":"open","ping_status":"open","sticky":false,"template":"","format":"standard","meta":{"_crdt_document":"","footnotes":""},"categories":[125],"tags":[],"class_list":["post-40572","post","type-post","status-publish","format-standard","has-post-thumbnail","hentry","category-ekonomi"],"_links":{"self":[{"href":"https:\/\/www.egemtv.com\/index.php?rest_route=\/wp\/v2\/posts\/40572","targetHints":{"allow":["GET"]}}],"collection":[{"href":"https:\/\/www.egemtv.com\/index.php?rest_route=\/wp\/v2\/posts"}],"about":[{"href":"https:\/\/www.egemtv.com\/index.php?rest_route=\/wp\/v2\/types\/post"}],"author":[{"embeddable":true,"href":"https:\/\/www.egemtv.com\/index.php?rest_route=\/wp\/v2\/users\/1"}],"replies":[{"embeddable":true,"href":"https:\/\/www.egemtv.com\/index.php?rest_route=%2Fwp%2Fv2%2Fcomments&post=40572"}],"version-history":[{"count":1,"href":"https:\/\/www.egemtv.com\/index.php?rest_route=\/wp\/v2\/posts\/40572\/revisions"}],"predecessor-version":[{"id":40574,"href":"https:\/\/www.egemtv.com\/index.php?rest_route=\/wp\/v2\/posts\/40572\/revisions\/40574"}],"wp:featuredmedia":[{"embeddable":true,"href":"https:\/\/www.egemtv.com\/index.php?rest_route=\/wp\/v2\/media\/40573"}],"wp:attachment":[{"href":"https:\/\/www.egemtv.com\/index.php?rest_route=%2Fwp%2Fv2%2Fmedia&parent=40572"}],"wp:term":[{"taxonomy":"category","embeddable":true,"href":"https:\/\/www.egemtv.com\/index.php?rest_route=%2Fwp%2Fv2%2Fcategories&post=40572"},{"taxonomy":"post_tag","embeddable":true,"href":"https:\/\/www.egemtv.com\/index.php?rest_route=%2Fwp%2Fv2%2Ftags&post=40572"}],"curies":[{"name":"wp","href":"https:\/\/api.w.org\/{rel}","templated":true}]}}