{"id":40566,"date":"2025-07-08T10:16:35","date_gmt":"2025-07-08T07:16:35","guid":{"rendered":"https:\/\/www.egemtv.com\/?p=40566"},"modified":"2025-07-08T10:16:40","modified_gmt":"2025-07-08T07:16:40","slug":"denizlili-sanayiciler-2023-yilindaki-istikrarini-korudu","status":"publish","type":"post","link":"https:\/\/www.egemtv.com\/?p=40566","title":{"rendered":"Denizlili sanayiciler 2023 y\u0131l\u0131ndaki istikrar\u0131n\u0131 korudu"},"content":{"rendered":"<p>2024 ara\u015ft\u0131rmas\u0131nda 9 firmayla yer alarak, bir \u00f6nceki y\u0131lda yakalad\u0131\u011f\u0131 istikrar\u0131 s\u00fcrd\u00fcrd\u00fc.<\/p>\n<p>\u0130SO taraf\u0131ndan a\u00e7\u0131klanan &#8220;T\u00fcrkiye\u2019nin \u0130kinci 500 B\u00fcy\u00fck Sanayi Kurulu\u015fu-2024&#8221; ara\u015ft\u0131rmas\u0131nda yer alan Denizlili 9 firmay\u0131 kutlayan DEN\u0130B Ba\u015fkan\u0131 H\u00fcseyin Memi\u015fo\u011flu, &#8220;Ge\u00e7en seneki istikrar\u0131m\u0131z\u0131 koruduk. Bu tablo, Denizli\u2019nin \u00fcretim potansiyelinin sadece devler liginde de\u011fil, ayn\u0131 zamanda y\u00fckselme potansiyeli ta\u015f\u0131yan orta \u00f6l\u00e7ekli sanayi yap\u0131s\u0131nda da g\u00fc\u00e7l\u00fc bir \u015fekilde varl\u0131k g\u00f6sterdi\u011fini ortaya koyuyor. Bu ba\u015far\u0131y\u0131; Denizli\u2019nin k\u00f6kl\u00fc sanayi gelene\u011finin bir sonucu olarak g\u00f6r\u00fcyoruz. Ayn\u0131 zamanda bu liste, s\u00fcrd\u00fcr\u00fclebilir b\u00fcy\u00fcme yolunda ilerleyen firmalar\u0131m\u0131z\u0131n yak\u0131n gelecekte T\u00fcrkiye\u2019nin en b\u00fcy\u00fck sanayi kurulu\u015flar\u0131 aras\u0131na girme potansiyelinin g\u00fc\u00e7l\u00fc bir g\u00f6stergesi olarak kar\u015f\u0131m\u0131za \u00e7\u0131k\u0131yor. 2024 y\u0131l\u0131, k\u00fcresel ekonomik dalgalanmalar\u0131n ve jeopolitik belirsizliklerin yo\u011funla\u015ft\u0131\u011f\u0131 bir d\u00f6nem oldu. Ancak bu zorlu ortamda dahi Denizli, \u00fcretimden ihracata kadar pek \u00e7ok alanda istikrar\u0131n\u0131 koruyarak b\u00fcy\u00fcmeye devam etti. 2024 y\u0131l\u0131n\u0131n s\u00fcregelen etkilerini bu y\u0131l\u0131n ilk 6 ay\u0131nda da hissettik. Yine de y\u0131l\u0131n ilk yar\u0131s\u0131nda y\u00fczde 7,8\u2019lik art\u0131\u015f ile 2,3 milyar dolarl\u0131k ihracat rakam\u0131na ula\u015fmay\u0131 ba\u015fard\u0131k&#8221; diye konu\u015ftu.<\/p>\n<p>Denizli\u2019nin 185 \u00fclkeye, 3 binden fazla \u00fcr\u00fcn grubunda ihracat ger\u00e7ekle\u015ftiren, 25 farkl\u0131 sekt\u00f6rde \u00fcretim yapabilen ve i\u00e7inde \u00e7e\u015fitlilik bar\u0131nd\u0131ran bir sanayi altyap\u0131s\u0131na sahip oldu\u011funa dikkat \u00e7eken Memi\u015fo\u011flu, &#8220;Denizlili firmalar, kriz d\u00f6nemlerinde dahi \u00fcretmeye ve uluslararas\u0131 arenada rekabet etmeye devam ediyor. \u0130SO \u0130kinci 500 listesinde yer alan t\u00fcm firmalar\u0131m\u0131z\u0131 g\u00f6n\u00fclden tebrik ediyorum. Bu ba\u015far\u0131; yaln\u0131zca bug\u00fcn\u00fcn de\u011fil, ayn\u0131 zamanda gelece\u011fin b\u00fcy\u00fck sanayi kurulu\u015flar\u0131n\u0131n Denizli\u2019den \u00e7\u0131kaca\u011f\u0131n\u0131n da bir i\u015fareti. \u00d6n\u00fcm\u00fczdeki y\u0131llarda hem bu listede hem de ilk 500\u2019de Denizli\u2019den daha fazla firman\u0131n yer alaca\u011f\u0131na ve \u015fehrimizin \u00fcretim g\u00fcc\u00fcn\u00fcn \u00e7ok daha g\u00f6r\u00fcn\u00fcr hale gelece\u011fine inan\u0131yorum&#8221; ifadelerini kulland\u0131.<br \/><\/p>\n","protected":false},"excerpt":{"rendered":"<p>2024 ara\u015ft\u0131rmas\u0131nda 9 firmayla yer alarak, bir \u00f6nceki y\u0131lda yakalad\u0131\u011f\u0131 istikrar\u0131 s\u00fcrd\u00fcrd\u00fc. \u0130SO taraf\u0131ndan a\u00e7\u0131klanan &#8220;T\u00fcrkiye\u2019nin \u0130kinci 500 B\u00fcy\u00fck Sanayi Kurulu\u015fu-2024&#8221; ara\u015ft\u0131rmas\u0131nda yer alan Denizlili 9 firmay\u0131 kutlayan DEN\u0130B Ba\u015fkan\u0131 H\u00fcseyin Memi\u015fo\u011flu, &#8220;Ge\u00e7en seneki istikrar\u0131m\u0131z\u0131 koruduk. Bu tablo, Denizli\u2019nin \u00fcretim potansiyelinin sadece devler liginde de\u011fil, ayn\u0131 zamanda y\u00fckselme potansiyeli ta\u015f\u0131yan orta \u00f6l\u00e7ekli sanayi yap\u0131s\u0131nda da&#8230;<\/p>\n","protected":false},"author":1,"featured_media":40567,"comment_status":"open","ping_status":"open","sticky":false,"template":"","format":"standard","meta":{"_crdt_document":"","footnotes":""},"categories":[125],"tags":[],"class_list":["post-40566","post","type-post","status-publish","format-standard","has-post-thumbnail","hentry","category-ekonomi"],"_links":{"self":[{"href":"https:\/\/www.egemtv.com\/index.php?rest_route=\/wp\/v2\/posts\/40566","targetHints":{"allow":["GET"]}}],"collection":[{"href":"https:\/\/www.egemtv.com\/index.php?rest_route=\/wp\/v2\/posts"}],"about":[{"href":"https:\/\/www.egemtv.com\/index.php?rest_route=\/wp\/v2\/types\/post"}],"author":[{"embeddable":true,"href":"https:\/\/www.egemtv.com\/index.php?rest_route=\/wp\/v2\/users\/1"}],"replies":[{"embeddable":true,"href":"https:\/\/www.egemtv.com\/index.php?rest_route=%2Fwp%2Fv2%2Fcomments&post=40566"}],"version-history":[{"count":1,"href":"https:\/\/www.egemtv.com\/index.php?rest_route=\/wp\/v2\/posts\/40566\/revisions"}],"predecessor-version":[{"id":40568,"href":"https:\/\/www.egemtv.com\/index.php?rest_route=\/wp\/v2\/posts\/40566\/revisions\/40568"}],"wp:featuredmedia":[{"embeddable":true,"href":"https:\/\/www.egemtv.com\/index.php?rest_route=\/wp\/v2\/media\/40567"}],"wp:attachment":[{"href":"https:\/\/www.egemtv.com\/index.php?rest_route=%2Fwp%2Fv2%2Fmedia&parent=40566"}],"wp:term":[{"taxonomy":"category","embeddable":true,"href":"https:\/\/www.egemtv.com\/index.php?rest_route=%2Fwp%2Fv2%2Fcategories&post=40566"},{"taxonomy":"post_tag","embeddable":true,"href":"https:\/\/www.egemtv.com\/index.php?rest_route=%2Fwp%2Fv2%2Ftags&post=40566"}],"curies":[{"name":"wp","href":"https:\/\/api.w.org\/{rel}","templated":true}]}}