{"id":40563,"date":"2025-07-08T10:16:31","date_gmt":"2025-07-08T07:16:31","guid":{"rendered":"https:\/\/www.egemtv.com\/?p=40563"},"modified":"2025-07-08T10:16:35","modified_gmt":"2025-07-08T07:16:35","slug":"vali-canbolat-kosk-kaymakami-tas-ile-bir-araya-geldi","status":"publish","type":"post","link":"https:\/\/www.egemtv.com\/?p=40563","title":{"rendered":"Vali Canbolat, K\u00f6\u015fk Kaymakam\u0131 Ta\u015f ile bir araya geldi"},"content":{"rendered":"<p>Ayd\u0131n Valisi Yakup Canbolat, K\u00f6\u015fk Kaymakam\u0131 Hasan Ta\u015f\u2019a ger\u00e7ekle\u015ftirdi\u011fi ziyarette, il\u00e7ede y\u00fcr\u00fct\u00fclen \u00e7al\u0131\u015fmalar hakk\u0131nda bilgi ald\u0131.<br \/>\n<br \/>Ayd\u0131n Valisi Yakup Canbolat, Cumhurba\u015fkan\u0131 Kararnamesi ile K\u00f6\u015fk Kaymakam\u0131 olarak atanan Hasan Ta\u015f\u2019a iade-i ziyarette bulundu. Vali Canbolat\u2019\u0131 Kaymakaml\u0131k binas\u0131 \u00f6n\u00fcnde Kaymakam Hasan Ta\u015f, Belediye Ba\u015fkan\u0131 Nuri G\u00fcler, \u0130l\u00e7e Emniyet Amiri Ba\u015fkomiser \u0130sa Y\u0131lmaz, \u0130l\u00e7e Jandarma Komutan\u0131 Asb. Kd. B\u00e7v\u015f. Akan \u015eahin ve kaymakaml\u0131k g\u00f6revlileri kar\u015f\u0131lad\u0131.<br \/>\n<br \/>Vali Canbolat, il\u00e7enin genel durumu ve devam eden kamu yat\u0131r\u0131mlar\u0131yla ilgili bilgi al\u0131rken, il\u00e7edeki vatanda\u015flar\u0131n ihtiya\u00e7lar\u0131na y\u00f6nelik \u00e7\u00f6z\u00fcmler ve \u00f6ncelikli projeler de ele al\u0131nd\u0131.<br \/>\n<br \/>Kaymakam Hasan Ta\u015f, Vali Canbolat\u2019\u0131n nazik ziyaretinden duydu\u011fu memnuniyeti dile getirerek, K\u00f6\u015fk il\u00e7esinin sosyal ve ekonomik kalk\u0131nmas\u0131na y\u00f6nelik \u00e7al\u0131\u015fmalar\u0131n\u0131 s\u00fcrd\u00fcreceklerini ifade etti.<br \/><\/p>\n","protected":false},"excerpt":{"rendered":"<p>Ayd\u0131n Valisi Yakup Canbolat, K\u00f6\u015fk Kaymakam\u0131 Hasan Ta\u015f\u2019a ger\u00e7ekle\u015ftirdi\u011fi ziyarette, il\u00e7ede y\u00fcr\u00fct\u00fclen \u00e7al\u0131\u015fmalar hakk\u0131nda bilgi ald\u0131. Ayd\u0131n Valisi Yakup Canbolat, Cumhurba\u015fkan\u0131 Kararnamesi ile K\u00f6\u015fk Kaymakam\u0131 olarak atanan Hasan Ta\u015f\u2019a iade-i ziyarette bulundu. Vali Canbolat\u2019\u0131 Kaymakaml\u0131k binas\u0131 \u00f6n\u00fcnde Kaymakam Hasan Ta\u015f, Belediye Ba\u015fkan\u0131 Nuri G\u00fcler, \u0130l\u00e7e Emniyet Amiri Ba\u015fkomiser \u0130sa Y\u0131lmaz, \u0130l\u00e7e Jandarma Komutan\u0131 Asb. Kd&#8230;.<\/p>\n","protected":false},"author":1,"featured_media":40564,"comment_status":"open","ping_status":"open","sticky":false,"template":"","format":"standard","meta":{"_crdt_document":"","footnotes":""},"categories":[1],"tags":[],"class_list":["post-40563","post","type-post","status-publish","format-standard","has-post-thumbnail","hentry","category-guncel"],"_links":{"self":[{"href":"https:\/\/www.egemtv.com\/index.php?rest_route=\/wp\/v2\/posts\/40563","targetHints":{"allow":["GET"]}}],"collection":[{"href":"https:\/\/www.egemtv.com\/index.php?rest_route=\/wp\/v2\/posts"}],"about":[{"href":"https:\/\/www.egemtv.com\/index.php?rest_route=\/wp\/v2\/types\/post"}],"author":[{"embeddable":true,"href":"https:\/\/www.egemtv.com\/index.php?rest_route=\/wp\/v2\/users\/1"}],"replies":[{"embeddable":true,"href":"https:\/\/www.egemtv.com\/index.php?rest_route=%2Fwp%2Fv2%2Fcomments&post=40563"}],"version-history":[{"count":1,"href":"https:\/\/www.egemtv.com\/index.php?rest_route=\/wp\/v2\/posts\/40563\/revisions"}],"predecessor-version":[{"id":40565,"href":"https:\/\/www.egemtv.com\/index.php?rest_route=\/wp\/v2\/posts\/40563\/revisions\/40565"}],"wp:featuredmedia":[{"embeddable":true,"href":"https:\/\/www.egemtv.com\/index.php?rest_route=\/wp\/v2\/media\/40564"}],"wp:attachment":[{"href":"https:\/\/www.egemtv.com\/index.php?rest_route=%2Fwp%2Fv2%2Fmedia&parent=40563"}],"wp:term":[{"taxonomy":"category","embeddable":true,"href":"https:\/\/www.egemtv.com\/index.php?rest_route=%2Fwp%2Fv2%2Fcategories&post=40563"},{"taxonomy":"post_tag","embeddable":true,"href":"https:\/\/www.egemtv.com\/index.php?rest_route=%2Fwp%2Fv2%2Ftags&post=40563"}],"curies":[{"name":"wp","href":"https:\/\/api.w.org\/{rel}","templated":true}]}}