{"id":40560,"date":"2025-07-08T10:16:28","date_gmt":"2025-07-08T07:16:28","guid":{"rendered":"https:\/\/www.egemtv.com\/?p=40560"},"modified":"2025-07-08T10:16:30","modified_gmt":"2025-07-08T07:16:30","slug":"eski-menemen-belediye-baskani-tahir-sahin-hayatini-kaybetti","status":"publish","type":"post","link":"https:\/\/www.egemtv.com\/?p=40560","title":{"rendered":"Eski Menemen Belediye Ba\u015fkan\u0131 Tahir \u015eahin hayat\u0131n\u0131 kaybetti"},"content":{"rendered":"<p>Eski Menemen Belediye Ba\u015fkan\u0131 Tahir \u015eahin (66), Yeni Fo\u00e7a\u2019da denizde y\u00fczd\u00fc\u011f\u00fc s\u0131rada ge\u00e7irdi\u011fi kalp krizi sonucu hayat\u0131n\u0131 kaybetti.<br \/>\n<br \/>Olay bu sabah saat 08.15\u2019te meydana geldi. Edinilen bilgiye g\u00f6re, yaz tatilini Yeni Fo\u00e7a\u2019daki yazl\u0131\u011f\u0131nda ge\u00e7iren eski Menemen Belediye Ba\u015fkan\u0131 Tahir \u015eahin, Burunucu mevkiinde denize girdi. Bir s\u00fcre sonra fenala\u015fan \u015eahin\u2019e ilk m\u00fcdahale sa\u011fl\u0131k ekipleri taraf\u0131ndan olay yerinde yap\u0131ld\u0131. Kalp krizi ge\u00e7irdi\u011fi belirlenen \u015eahin, Fo\u00e7a Devlet Hastanesi\u2019ne kald\u0131r\u0131ld\u0131. Doktorlar\u0131n t\u00fcm m\u00fcdahaelesine ra\u011fmen \u015eahin\u2019in hayat\u0131n\u0131 kaybetti\u011fi bildirildi.<br \/>\n<br \/>Tahir \u015eahin, Menemen\u2019de 1999-2019 y\u0131llar\u0131 aras\u0131nda belediye ba\u015fkanl\u0131\u011f\u0131 yapt\u0131.<br \/><\/p>\n","protected":false},"excerpt":{"rendered":"<p>Eski Menemen Belediye Ba\u015fkan\u0131 Tahir \u015eahin (66), Yeni Fo\u00e7a\u2019da denizde y\u00fczd\u00fc\u011f\u00fc s\u0131rada ge\u00e7irdi\u011fi kalp krizi sonucu hayat\u0131n\u0131 kaybetti. Olay bu sabah saat 08.15\u2019te meydana geldi. Edinilen bilgiye g\u00f6re, yaz tatilini Yeni Fo\u00e7a\u2019daki yazl\u0131\u011f\u0131nda ge\u00e7iren eski Menemen Belediye Ba\u015fkan\u0131 Tahir \u015eahin, Burunucu mevkiinde denize girdi. Bir s\u00fcre sonra fenala\u015fan \u015eahin\u2019e ilk m\u00fcdahale sa\u011fl\u0131k ekipleri taraf\u0131ndan olay&#8230;<\/p>\n","protected":false},"author":1,"featured_media":40561,"comment_status":"open","ping_status":"open","sticky":false,"template":"","format":"standard","meta":{"_crdt_document":"","footnotes":""},"categories":[5],"tags":[],"class_list":["post-40560","post","type-post","status-publish","format-standard","has-post-thumbnail","hentry","category-asayis"],"_links":{"self":[{"href":"https:\/\/www.egemtv.com\/index.php?rest_route=\/wp\/v2\/posts\/40560","targetHints":{"allow":["GET"]}}],"collection":[{"href":"https:\/\/www.egemtv.com\/index.php?rest_route=\/wp\/v2\/posts"}],"about":[{"href":"https:\/\/www.egemtv.com\/index.php?rest_route=\/wp\/v2\/types\/post"}],"author":[{"embeddable":true,"href":"https:\/\/www.egemtv.com\/index.php?rest_route=\/wp\/v2\/users\/1"}],"replies":[{"embeddable":true,"href":"https:\/\/www.egemtv.com\/index.php?rest_route=%2Fwp%2Fv2%2Fcomments&post=40560"}],"version-history":[{"count":1,"href":"https:\/\/www.egemtv.com\/index.php?rest_route=\/wp\/v2\/posts\/40560\/revisions"}],"predecessor-version":[{"id":40562,"href":"https:\/\/www.egemtv.com\/index.php?rest_route=\/wp\/v2\/posts\/40560\/revisions\/40562"}],"wp:featuredmedia":[{"embeddable":true,"href":"https:\/\/www.egemtv.com\/index.php?rest_route=\/wp\/v2\/media\/40561"}],"wp:attachment":[{"href":"https:\/\/www.egemtv.com\/index.php?rest_route=%2Fwp%2Fv2%2Fmedia&parent=40560"}],"wp:term":[{"taxonomy":"category","embeddable":true,"href":"https:\/\/www.egemtv.com\/index.php?rest_route=%2Fwp%2Fv2%2Fcategories&post=40560"},{"taxonomy":"post_tag","embeddable":true,"href":"https:\/\/www.egemtv.com\/index.php?rest_route=%2Fwp%2Fv2%2Ftags&post=40560"}],"curies":[{"name":"wp","href":"https:\/\/api.w.org\/{rel}","templated":true}]}}