{"id":40554,"date":"2025-07-08T09:57:15","date_gmt":"2025-07-08T06:57:15","guid":{"rendered":"https:\/\/www.egemtv.com\/?p=40554"},"modified":"2025-07-08T09:57:20","modified_gmt":"2025-07-08T06:57:20","slug":"isparta32spor-secmelerine-ilk-gun-300e-yakin-genc-katildi","status":"publish","type":"post","link":"https:\/\/www.egemtv.com\/?p=40554","title":{"rendered":"Isparta32spor se\u00e7melerine ilk g\u00fcn 300\u2019e yak\u0131n gen\u00e7 kat\u0131ld\u0131"},"content":{"rendered":"<p>T\u00fcrkiye 2. Ligi K\u0131rm\u0131z\u0131 Grup ekiplerinden Isparta32spor\u2019un gelece\u011fin y\u0131ld\u0131zlar\u0131n\u0131 ke\u015ffetmek amac\u0131yla d\u00fczenledi\u011fi futbolcu se\u00e7meleri yo\u011fun ilgi g\u00f6rd\u00fc. Sav Stadyumu\u2019nda ba\u015flayan se\u00e7melerin ilk g\u00fcn\u00fcnde 300\u2019e yak\u0131n gen\u00e7 futbolcu sahada ter d\u00f6kt\u00fc.<br \/>\n<br \/>Futbolcu se\u00e7melerini Ba\u015fkan G\u00fcltekin \u00d6zdemir, y\u00f6neticiler, Teknik Direkt\u00f6r B\u00fclent Akan ve ekibi izledi.<br \/>\n<br \/>Isparta ve \u00e7evre illerden gelen yetenekli gen\u00e7ler, kul\u00fcp teknik heyetinin g\u00f6z\u00fc \u00f6n\u00fcnde performans sergileyerek profesyonel futbolcu olabilmek i\u00e7in b\u00fcy\u00fck \u00e7aba harcad\u0131. Kul\u00fcp yetkilileri, g\u00f6sterilen ilgiden olduk\u00e7a memnun olduklar\u0131n\u0131 belirterek, se\u00e7melerin ikinci g\u00fcn\u00fcnde de yo\u011fun kat\u0131l\u0131m beklediklerini ifade etti.<br \/>\n<br \/>Se\u00e7meler sonucunda ba\u015far\u0131l\u0131 olan oyuncular\u0131 Isparta32spor teknik ekibi  de\u011ferlendirilerek T\u00fcrk futboluna kazand\u0131racak. Kul\u00fcp, gen\u00e7 yeteneklere f\u0131rsat sunmaya ve Isparta futbolunu g\u00fc\u00e7lendirmeye devam edecek.<br \/><\/p>\n","protected":false},"excerpt":{"rendered":"<p>T\u00fcrkiye 2. Ligi K\u0131rm\u0131z\u0131 Grup ekiplerinden Isparta32spor\u2019un gelece\u011fin y\u0131ld\u0131zlar\u0131n\u0131 ke\u015ffetmek amac\u0131yla d\u00fczenledi\u011fi futbolcu se\u00e7meleri yo\u011fun ilgi g\u00f6rd\u00fc. Sav Stadyumu\u2019nda ba\u015flayan se\u00e7melerin ilk g\u00fcn\u00fcnde 300\u2019e yak\u0131n gen\u00e7 futbolcu sahada ter d\u00f6kt\u00fc. Futbolcu se\u00e7melerini Ba\u015fkan G\u00fcltekin \u00d6zdemir, y\u00f6neticiler, Teknik Direkt\u00f6r B\u00fclent Akan ve ekibi izledi. Isparta ve \u00e7evre illerden gelen yetenekli gen\u00e7ler, kul\u00fcp teknik heyetinin g\u00f6z\u00fc \u00f6n\u00fcnde&#8230;<\/p>\n","protected":false},"author":1,"featured_media":40555,"comment_status":"open","ping_status":"open","sticky":false,"template":"","format":"standard","meta":{"_crdt_document":"","footnotes":""},"categories":[4],"tags":[],"class_list":["post-40554","post","type-post","status-publish","format-standard","has-post-thumbnail","hentry","category-spor"],"_links":{"self":[{"href":"https:\/\/www.egemtv.com\/index.php?rest_route=\/wp\/v2\/posts\/40554","targetHints":{"allow":["GET"]}}],"collection":[{"href":"https:\/\/www.egemtv.com\/index.php?rest_route=\/wp\/v2\/posts"}],"about":[{"href":"https:\/\/www.egemtv.com\/index.php?rest_route=\/wp\/v2\/types\/post"}],"author":[{"embeddable":true,"href":"https:\/\/www.egemtv.com\/index.php?rest_route=\/wp\/v2\/users\/1"}],"replies":[{"embeddable":true,"href":"https:\/\/www.egemtv.com\/index.php?rest_route=%2Fwp%2Fv2%2Fcomments&post=40554"}],"version-history":[{"count":1,"href":"https:\/\/www.egemtv.com\/index.php?rest_route=\/wp\/v2\/posts\/40554\/revisions"}],"predecessor-version":[{"id":40556,"href":"https:\/\/www.egemtv.com\/index.php?rest_route=\/wp\/v2\/posts\/40554\/revisions\/40556"}],"wp:featuredmedia":[{"embeddable":true,"href":"https:\/\/www.egemtv.com\/index.php?rest_route=\/wp\/v2\/media\/40555"}],"wp:attachment":[{"href":"https:\/\/www.egemtv.com\/index.php?rest_route=%2Fwp%2Fv2%2Fmedia&parent=40554"}],"wp:term":[{"taxonomy":"category","embeddable":true,"href":"https:\/\/www.egemtv.com\/index.php?rest_route=%2Fwp%2Fv2%2Fcategories&post=40554"},{"taxonomy":"post_tag","embeddable":true,"href":"https:\/\/www.egemtv.com\/index.php?rest_route=%2Fwp%2Fv2%2Ftags&post=40554"}],"curies":[{"name":"wp","href":"https:\/\/api.w.org\/{rel}","templated":true}]}}