{"id":40551,"date":"2025-07-08T09:57:10","date_gmt":"2025-07-08T06:57:10","guid":{"rendered":"https:\/\/www.egemtv.com\/?p=40551"},"modified":"2025-07-08T09:57:15","modified_gmt":"2025-07-08T06:57:15","slug":"kutahyada-deneyap-senligi","status":"publish","type":"post","link":"https:\/\/www.egemtv.com\/?p=40551","title":{"rendered":"K\u00fctahya\u2019da Deneyap \u015eenli\u011fi"},"content":{"rendered":"<p>K\u00fctahya\u2019da d\u00fczenlenen Deneyap \u015eenli\u011fi, teknoloji ve yenili\u011fin heyecan\u0131yla Yeni Spor Salonu\u2019nda ger\u00e7ekle\u015ftirildi. \u015eenlikte, Deneyap At\u00f6lyelerinde e\u011fitim alan ortaokul ve lise \u00f6\u011frencileri, y\u0131l boyunca \u00fczerinde \u00e7al\u0131\u015ft\u0131klar\u0131 projeleri sergiledi.<br \/>\n<br \/>K\u00fctahya Vali Yard\u0131mc\u0131s\u0131 S\u00fcleyman Oval\u0131, AK Parti K\u00fctahya Milletvekili \u0130smail \u00c7a\u011flar Bay\u0131rc\u0131 ve AK Parti K\u00fctahya Merkez \u0130l\u00e7e Ba\u015fkan\u0131 Murat Af\u015far\u00fcnal\u2019\u0131n kat\u0131l\u0131mlar\u0131yla onurland\u0131rd\u0131\u011f\u0131 etkinlikte; \u00f6\u011frenciler kodlama, elektronik, yapay zek\u00e2 ve tasar\u0131m gibi farkl\u0131 alanlarda geli\u015ftirdikleri projelerle b\u00fcy\u00fck be\u011feni toplad\u0131.<br \/>\n<br \/>Kat\u0131l\u0131mc\u0131lar taraf\u0131ndan ilgiyle incelenen projeler, gen\u00e7lerin teknolojiye olan ilgisini ve yeteneklerini g\u00f6zler \u00f6n\u00fcne serdi. Gen\u00e7 ka\u015fifler, hayallerini ger\u00e7e\u011fe d\u00f6n\u00fc\u015ft\u00fcrerek gelece\u011fin bilim insanlar\u0131 ve teknoloji liderleri olma yolunda \u00f6nemli bir ad\u0131m att\u0131.<br \/>\n<br \/>Etkinlikte konu\u015fan yetkililer, bu t\u00fcr organizasyonlar\u0131n gen\u00e7lerin potansiyelini ortaya \u00e7\u0131karmada ve T\u00fcrkiye\u2019nin teknoloji vizyonuna katk\u0131 sa\u011flamada b\u00fcy\u00fck rol oynad\u0131\u011f\u0131n\u0131 ifade etti.<br \/><\/p>\n","protected":false},"excerpt":{"rendered":"<p>K\u00fctahya\u2019da d\u00fczenlenen Deneyap \u015eenli\u011fi, teknoloji ve yenili\u011fin heyecan\u0131yla Yeni Spor Salonu\u2019nda ger\u00e7ekle\u015ftirildi. \u015eenlikte, Deneyap At\u00f6lyelerinde e\u011fitim alan ortaokul ve lise \u00f6\u011frencileri, y\u0131l boyunca \u00fczerinde \u00e7al\u0131\u015ft\u0131klar\u0131 projeleri sergiledi. K\u00fctahya Vali Yard\u0131mc\u0131s\u0131 S\u00fcleyman Oval\u0131, AK Parti K\u00fctahya Milletvekili \u0130smail \u00c7a\u011flar Bay\u0131rc\u0131 ve AK Parti K\u00fctahya Merkez \u0130l\u00e7e Ba\u015fkan\u0131 Murat Af\u015far\u00fcnal\u2019\u0131n kat\u0131l\u0131mlar\u0131yla onurland\u0131rd\u0131\u011f\u0131 etkinlikte; \u00f6\u011frenciler kodlama, elektronik, yapay&#8230;<\/p>\n","protected":false},"author":1,"featured_media":40552,"comment_status":"open","ping_status":"open","sticky":false,"template":"","format":"standard","meta":{"_crdt_document":"","footnotes":""},"categories":[124],"tags":[],"class_list":["post-40551","post","type-post","status-publish","format-standard","has-post-thumbnail","hentry","category-bilim"],"_links":{"self":[{"href":"https:\/\/www.egemtv.com\/index.php?rest_route=\/wp\/v2\/posts\/40551","targetHints":{"allow":["GET"]}}],"collection":[{"href":"https:\/\/www.egemtv.com\/index.php?rest_route=\/wp\/v2\/posts"}],"about":[{"href":"https:\/\/www.egemtv.com\/index.php?rest_route=\/wp\/v2\/types\/post"}],"author":[{"embeddable":true,"href":"https:\/\/www.egemtv.com\/index.php?rest_route=\/wp\/v2\/users\/1"}],"replies":[{"embeddable":true,"href":"https:\/\/www.egemtv.com\/index.php?rest_route=%2Fwp%2Fv2%2Fcomments&post=40551"}],"version-history":[{"count":1,"href":"https:\/\/www.egemtv.com\/index.php?rest_route=\/wp\/v2\/posts\/40551\/revisions"}],"predecessor-version":[{"id":40553,"href":"https:\/\/www.egemtv.com\/index.php?rest_route=\/wp\/v2\/posts\/40551\/revisions\/40553"}],"wp:featuredmedia":[{"embeddable":true,"href":"https:\/\/www.egemtv.com\/index.php?rest_route=\/wp\/v2\/media\/40552"}],"wp:attachment":[{"href":"https:\/\/www.egemtv.com\/index.php?rest_route=%2Fwp%2Fv2%2Fmedia&parent=40551"}],"wp:term":[{"taxonomy":"category","embeddable":true,"href":"https:\/\/www.egemtv.com\/index.php?rest_route=%2Fwp%2Fv2%2Fcategories&post=40551"},{"taxonomy":"post_tag","embeddable":true,"href":"https:\/\/www.egemtv.com\/index.php?rest_route=%2Fwp%2Fv2%2Ftags&post=40551"}],"curies":[{"name":"wp","href":"https:\/\/api.w.org\/{rel}","templated":true}]}}