{"id":40548,"date":"2025-07-08T09:57:00","date_gmt":"2025-07-08T06:57:00","guid":{"rendered":"https:\/\/www.egemtv.com\/?p=40548"},"modified":"2025-07-08T09:57:10","modified_gmt":"2025-07-08T06:57:10","slug":"kutahyada-165-milyon-tllik-makine-parki-projesi-hayata-gecirildi","status":"publish","type":"post","link":"https:\/\/www.egemtv.com\/?p=40548","title":{"rendered":"K\u00fctahya\u2019da 16,5 milyon TL\u2019lik makine park\u0131 projesi hayata ge\u00e7irildi"},"content":{"rendered":"<p>K\u00fctahya\u2019n\u0131n Dedik K\u00f6y\u00fc\u2019nde Tar\u0131m ve K\u0131rsal Kalk\u0131nmay\u0131 Destekleme Kurumu (TKDK) K\u00fctahya \u0130l Koordinat\u00f6rl\u00fc\u011f\u00fc \u00f6nc\u00fcl\u00fc\u011f\u00fcnde hayata ge\u00e7irilen &#8220;Makine Park\u0131 Projesi&#8221;nin anahtar teslim t\u00f6reni ger\u00e7ekle\u015ftirildi. IPARD III Program\u0131 kapsam\u0131nda yazde 70 hibe deste\u011fiyle tamamlanan proje, k\u00f6ydeki tar\u0131msal \u00fcretime b\u00fcy\u00fck katk\u0131 sa\u011flayacak.<br \/>\n<br \/>T\u00f6rene K\u00fctahya Valisi Musa I\u015f\u0131n, AK Parti K\u00fctahya milletvekilleri Adil Bi\u00e7er, \u0130smail \u00c7a\u011flar Bay\u0131rc\u0131 ve Mehmet Demir, kurum yetkilileri, kooperatif \u00fcyeleri ve vatanda\u015flar kat\u0131ld\u0131.<br \/>\n<br \/>T\u00f6rende konu\u015fan TKDK \u0130l Koordinat\u00f6r\u00fc Birsen Karaaslan, proje kapsam\u0131nda toplam 16,5 milyon TL\u2019lik yat\u0131r\u0131m yap\u0131ld\u0131\u011f\u0131n\u0131 ve bunun 11,5 milyon TL\u2019sinin TKDK taraf\u0131ndan sa\u011flanan hibe ile finanse edildi\u011fini ifade etti. Karaaslan, kooperatife kazand\u0131r\u0131lan makineler aras\u0131nda bi\u00e7erd\u00f6ver, tankerler, r\u00f6morklar, ekim makineleri, ot toplama t\u0131rm\u0131klar\u0131, ila\u00e7lama makineleri, g\u00fcbre serpme makineleri, \u00e7apa ve s\u00fcr\u00fcm ekipmanlar\u0131 gibi bir\u00e7ok tar\u0131m arac\u0131 bulundu\u011funu belirtti.<br \/>\n<br \/>Projeyle birlikte Dedik K\u00f6y\u00fc Tar\u0131msal Kalk\u0131nma Kooperatifi \u00fcyeleri, makine park\u0131ndaki ekipmanlar\u0131 kiralama y\u00f6ntemiyle kullanabilecek. Bu sayede tar\u0131msal \u00fcretim g\u00fc\u00e7lenecek, i\u015f g\u00fcc\u00fc verimlili\u011fi artacak ve k\u0131rsal kalk\u0131nma desteklenecek.<br \/>\n<br \/>T\u00f6rende konu\u015fan K\u00fctahya Valisi Musa I\u015f\u0131n, son 20 y\u0131lda k\u00f6ylerde ya\u015fanan d\u00f6n\u00fc\u015f\u00fcme dikkat \u00e7ekerek, devletin altyap\u0131dan sa\u011fl\u0131\u011fa, e\u011fitimden tar\u0131ma kadar her alanda k\u0131rsal kesimi desteklemeye devam etti\u011fini s\u00f6yledi. Vali I\u015f\u0131n, &#8220;Kad\u0131nlar\u0131m\u0131z ve gen\u00e7lerimiz art\u0131k \u00fcretimin merkezinde yer al\u0131yor. Tar\u0131m Bakanl\u0131\u011f\u0131m\u0131z sadece bu y\u0131l ilimize 732 milyon TL b\u00fct\u00e7e ay\u0131rd\u0131. 216 milyon TL\u2019yi a\u015fk\u0131n yat\u0131r\u0131m ise yeni projeler i\u00e7in haz\u0131r durumda&#8221; dedi.<br \/>\n<br \/>Gen\u00e7lerin \u00fcretime kat\u0131lmas\u0131ndan memnuniyet duydu\u011funu ifade eden Vali I\u015f\u0131n, &#8220;Bu ara\u00e7lar sizler i\u00e7in. Yeter ki \u00fcretin, biz her zaman yan\u0131n\u0131zday\u0131z,&#8221; mesaj\u0131n\u0131 verdi.<br \/>\n<br \/>Program, makine park\u0131n\u0131n tan\u0131t\u0131m\u0131 ve anahtar teslimiyle sona erdi.<br \/><\/p>\n","protected":false},"excerpt":{"rendered":"<p>K\u00fctahya\u2019n\u0131n Dedik K\u00f6y\u00fc\u2019nde Tar\u0131m ve K\u0131rsal Kalk\u0131nmay\u0131 Destekleme Kurumu (TKDK) K\u00fctahya \u0130l Koordinat\u00f6rl\u00fc\u011f\u00fc \u00f6nc\u00fcl\u00fc\u011f\u00fcnde hayata ge\u00e7irilen &#8220;Makine Park\u0131 Projesi&#8221;nin anahtar teslim t\u00f6reni ger\u00e7ekle\u015ftirildi. IPARD III Program\u0131 kapsam\u0131nda yazde 70 hibe deste\u011fiyle tamamlanan proje, k\u00f6ydeki tar\u0131msal \u00fcretime b\u00fcy\u00fck katk\u0131 sa\u011flayacak. T\u00f6rene K\u00fctahya Valisi Musa I\u015f\u0131n, AK Parti K\u00fctahya milletvekilleri Adil Bi\u00e7er, \u0130smail \u00c7a\u011flar Bay\u0131rc\u0131 ve Mehmet&#8230;<\/p>\n","protected":false},"author":1,"featured_media":40549,"comment_status":"open","ping_status":"open","sticky":false,"template":"","format":"standard","meta":{"_crdt_document":"","footnotes":""},"categories":[125],"tags":[],"class_list":["post-40548","post","type-post","status-publish","format-standard","has-post-thumbnail","hentry","category-ekonomi"],"_links":{"self":[{"href":"https:\/\/www.egemtv.com\/index.php?rest_route=\/wp\/v2\/posts\/40548","targetHints":{"allow":["GET"]}}],"collection":[{"href":"https:\/\/www.egemtv.com\/index.php?rest_route=\/wp\/v2\/posts"}],"about":[{"href":"https:\/\/www.egemtv.com\/index.php?rest_route=\/wp\/v2\/types\/post"}],"author":[{"embeddable":true,"href":"https:\/\/www.egemtv.com\/index.php?rest_route=\/wp\/v2\/users\/1"}],"replies":[{"embeddable":true,"href":"https:\/\/www.egemtv.com\/index.php?rest_route=%2Fwp%2Fv2%2Fcomments&post=40548"}],"version-history":[{"count":1,"href":"https:\/\/www.egemtv.com\/index.php?rest_route=\/wp\/v2\/posts\/40548\/revisions"}],"predecessor-version":[{"id":40550,"href":"https:\/\/www.egemtv.com\/index.php?rest_route=\/wp\/v2\/posts\/40548\/revisions\/40550"}],"wp:featuredmedia":[{"embeddable":true,"href":"https:\/\/www.egemtv.com\/index.php?rest_route=\/wp\/v2\/media\/40549"}],"wp:attachment":[{"href":"https:\/\/www.egemtv.com\/index.php?rest_route=%2Fwp%2Fv2%2Fmedia&parent=40548"}],"wp:term":[{"taxonomy":"category","embeddable":true,"href":"https:\/\/www.egemtv.com\/index.php?rest_route=%2Fwp%2Fv2%2Fcategories&post=40548"},{"taxonomy":"post_tag","embeddable":true,"href":"https:\/\/www.egemtv.com\/index.php?rest_route=%2Fwp%2Fv2%2Ftags&post=40548"}],"curies":[{"name":"wp","href":"https:\/\/api.w.org\/{rel}","templated":true}]}}