{"id":40545,"date":"2025-07-08T09:56:56","date_gmt":"2025-07-08T06:56:56","guid":{"rendered":"https:\/\/www.egemtv.com\/?p=40545"},"modified":"2025-07-08T09:57:00","modified_gmt":"2025-07-08T06:57:00","slug":"vali-musa-isin-tavsanli-hoyuk-kazi-evini-ziyaret-ederek-incelemelerde-bulundu","status":"publish","type":"post","link":"https:\/\/www.egemtv.com\/?p=40545","title":{"rendered":"Vali Musa I\u015f\u0131n, Tav\u015fanl\u0131 H\u00f6y\u00fck Kaz\u0131 Evi\u2019ni ziyaret ederek incelemelerde bulundu"},"content":{"rendered":"<p>K\u00fctahya Valisi Musa I\u015f\u0131n, y\u00fcr\u00fct\u00fclen arkeolojik \u00e7al\u0131\u015fmalar\u0131 yerinde g\u00f6rmek amac\u0131yla Tav\u015fanl\u0131 H\u00f6y\u00fck Kaz\u0131 Evini ziyaret etti.<br \/>\n<br \/>Ziyarette Vali I\u015f\u0131n\u2019a; AK Parti K\u00fctahya Milletvekili Mehmet Demir, Tav\u015fanl\u0131 Kaymakam\u0131 Say\u0131n \u00d6mer Faruk \u00d6zdemir e\u015flik etti. Kaz\u0131 Ba\u015fkan\u0131 Prof. Dr. Erkan Fidan, y\u00fcr\u00fct\u00fclen kaz\u0131 \u00e7al\u0131\u015fmalar\u0131 hakk\u0131nda kapsaml\u0131 bir sunum yaparak, h\u00f6y\u00fc\u011f\u00fcn tarihi ve bilimsel \u00f6nemine ili\u015fkin detayl\u0131 bilgiler aktard\u0131. Kaz\u0131 alan\u0131n\u0131n daha sa\u011fl\u0131kl\u0131 \u015fartlarda y\u00fcr\u00fct\u00fclebilmesi i\u00e7in kamula\u015ft\u0131rma \u00e7al\u0131\u015fmalar\u0131n\u0131n g\u00fcndemde oldu\u011fu ifade edilirken, ula\u015f\u0131m kolayl\u0131\u011f\u0131 sa\u011flanmas\u0131 ad\u0131na ara\u00e7 deste\u011fi sunuldu\u011fu ve ek olarak mazot deste\u011fi verildi\u011fi belirtildi. Bu desteklerin kaz\u0131 \u00e7al\u0131\u015fmalar\u0131n\u0131n s\u00fcrd\u00fcr\u00fclebilirli\u011fine \u00f6nemli katk\u0131 sa\u011flayaca\u011f\u0131 vurguland\u0131.<br \/>\n<br \/>Vali Musa I\u015f\u0131n, kaz\u0131 faaliyetlerine destek olmak amac\u0131yla 20 i\u015f\u00e7inin al\u0131m\u0131 i\u00e7in gerekli giri\u015fimlerin yap\u0131laca\u011f\u0131n\u0131 da a\u00e7\u0131klad\u0131.<br \/>\n<br \/>Tarihi miras\u0131n g\u00fcn y\u00fcz\u00fcne \u00e7\u0131kar\u0131lmas\u0131 amac\u0131yla s\u00fcrd\u00fcr\u00fclen bu \u00e7al\u0131\u015fmalar\u0131n, hem b\u00f6lgenin k\u00fclt\u00fcrel de\u011ferlerine hem de turizm potansiyeline \u00f6nemli katk\u0131lar sa\u011flayaca\u011f\u0131 belirtildi.<br \/><\/p>\n","protected":false},"excerpt":{"rendered":"<p>K\u00fctahya Valisi Musa I\u015f\u0131n, y\u00fcr\u00fct\u00fclen arkeolojik \u00e7al\u0131\u015fmalar\u0131 yerinde g\u00f6rmek amac\u0131yla Tav\u015fanl\u0131 H\u00f6y\u00fck Kaz\u0131 Evini ziyaret etti. Ziyarette Vali I\u015f\u0131n\u2019a; AK Parti K\u00fctahya Milletvekili Mehmet Demir, Tav\u015fanl\u0131 Kaymakam\u0131 Say\u0131n \u00d6mer Faruk \u00d6zdemir e\u015flik etti. Kaz\u0131 Ba\u015fkan\u0131 Prof. Dr. Erkan Fidan, y\u00fcr\u00fct\u00fclen kaz\u0131 \u00e7al\u0131\u015fmalar\u0131 hakk\u0131nda kapsaml\u0131 bir sunum yaparak, h\u00f6y\u00fc\u011f\u00fcn tarihi ve bilimsel \u00f6nemine ili\u015fkin detayl\u0131 bilgiler&#8230;<\/p>\n","protected":false},"author":1,"featured_media":40546,"comment_status":"open","ping_status":"open","sticky":false,"template":"","format":"standard","meta":{"_crdt_document":"","footnotes":""},"categories":[1],"tags":[],"class_list":["post-40545","post","type-post","status-publish","format-standard","has-post-thumbnail","hentry","category-guncel"],"_links":{"self":[{"href":"https:\/\/www.egemtv.com\/index.php?rest_route=\/wp\/v2\/posts\/40545","targetHints":{"allow":["GET"]}}],"collection":[{"href":"https:\/\/www.egemtv.com\/index.php?rest_route=\/wp\/v2\/posts"}],"about":[{"href":"https:\/\/www.egemtv.com\/index.php?rest_route=\/wp\/v2\/types\/post"}],"author":[{"embeddable":true,"href":"https:\/\/www.egemtv.com\/index.php?rest_route=\/wp\/v2\/users\/1"}],"replies":[{"embeddable":true,"href":"https:\/\/www.egemtv.com\/index.php?rest_route=%2Fwp%2Fv2%2Fcomments&post=40545"}],"version-history":[{"count":1,"href":"https:\/\/www.egemtv.com\/index.php?rest_route=\/wp\/v2\/posts\/40545\/revisions"}],"predecessor-version":[{"id":40547,"href":"https:\/\/www.egemtv.com\/index.php?rest_route=\/wp\/v2\/posts\/40545\/revisions\/40547"}],"wp:featuredmedia":[{"embeddable":true,"href":"https:\/\/www.egemtv.com\/index.php?rest_route=\/wp\/v2\/media\/40546"}],"wp:attachment":[{"href":"https:\/\/www.egemtv.com\/index.php?rest_route=%2Fwp%2Fv2%2Fmedia&parent=40545"}],"wp:term":[{"taxonomy":"category","embeddable":true,"href":"https:\/\/www.egemtv.com\/index.php?rest_route=%2Fwp%2Fv2%2Fcategories&post=40545"},{"taxonomy":"post_tag","embeddable":true,"href":"https:\/\/www.egemtv.com\/index.php?rest_route=%2Fwp%2Fv2%2Ftags&post=40545"}],"curies":[{"name":"wp","href":"https:\/\/api.w.org\/{rel}","templated":true}]}}