{"id":40542,"date":"2025-07-08T09:56:51","date_gmt":"2025-07-08T06:56:51","guid":{"rendered":"https:\/\/www.egemtv.com\/?p=40542"},"modified":"2025-07-08T09:56:56","modified_gmt":"2025-07-08T06:56:56","slug":"kutahyaspordan-transfer-hamlesi","status":"publish","type":"post","link":"https:\/\/www.egemtv.com\/?p=40542","title":{"rendered":"K\u00fctahyaspor\u2019dan transfer hamlesi"},"content":{"rendered":"<p>Yeni sezona iddial\u0131 bir giri\u015f yapmay\u0131 hedefleyen K\u00fctahyaspor, transfer \u00e7al\u0131\u015fmalar\u0131n\u0131 s\u00fcrd\u00fcr\u00fcyor. Kul\u00fcp, kanat oyuncusu Ahmet Teker ve kaleci Ahmet \u00c7olak ile s\u00f6zle\u015fme imzalad\u0131\u011f\u0131n\u0131 duyurdu.<br \/>\n<br \/>Son sekiz y\u0131lda yedi \u015fampiyonluk ya\u015fayan ve \u00fcst \u00fcste alt\u0131 sezon 3. Lig \u015fampiyonlu\u011fu sevinci ya\u015fayan ba\u015far\u0131l\u0131 kanat oyuncusu Ahmet Teker, art\u0131k K\u00fctahyaspor formas\u0131 giyecek. Deneyimli futbolcunun kat\u0131l\u0131m\u0131yla kadrosunu g\u00fc\u00e7lendiren mavi-lacivertli ekip, yeni sezonda taraftar\u0131na \u015fampiyonluk heyecan\u0131 ya\u015fatmak istiyor.<br \/>\n<br \/>K\u00fctahyaspor\u2019un bir di\u011fer transferi ise 2001 do\u011fumlu kaleci Ahmet \u00c7olak oldu. Konyaspor altyap\u0131s\u0131ndan yeti\u015fen gen\u00e7 file bek\u00e7isi, ge\u00e7ti\u011fimiz sezon ayn\u0131 ligde m\u00fccadele etti\u011fi Silifke Belediyespor\u2019da g\u00f6sterdi\u011fi ba\u015far\u0131l\u0131 performansla dikkat \u00e7ekmi\u015fti.<br \/>\n<br \/>K\u00fctahyaspor Kul\u00fcb\u00fc\u2019nden yap\u0131lan a\u00e7\u0131klamada her iki oyuncuya da &#8220;ho\u015f geldin&#8221; denilirken, transferlerin kul\u00fcbe ve futbolculara hay\u0131rl\u0131 olmas\u0131 temenni edildi.<br \/><\/p>\n","protected":false},"excerpt":{"rendered":"<p>Yeni sezona iddial\u0131 bir giri\u015f yapmay\u0131 hedefleyen K\u00fctahyaspor, transfer \u00e7al\u0131\u015fmalar\u0131n\u0131 s\u00fcrd\u00fcr\u00fcyor. Kul\u00fcp, kanat oyuncusu Ahmet Teker ve kaleci Ahmet \u00c7olak ile s\u00f6zle\u015fme imzalad\u0131\u011f\u0131n\u0131 duyurdu. Son sekiz y\u0131lda yedi \u015fampiyonluk ya\u015fayan ve \u00fcst \u00fcste alt\u0131 sezon 3. Lig \u015fampiyonlu\u011fu sevinci ya\u015fayan ba\u015far\u0131l\u0131 kanat oyuncusu Ahmet Teker, art\u0131k K\u00fctahyaspor formas\u0131 giyecek. Deneyimli futbolcunun kat\u0131l\u0131m\u0131yla kadrosunu g\u00fc\u00e7lendiren mavi-lacivertli&#8230;<\/p>\n","protected":false},"author":1,"featured_media":40543,"comment_status":"open","ping_status":"open","sticky":false,"template":"","format":"standard","meta":{"_crdt_document":"","footnotes":""},"categories":[4],"tags":[],"class_list":["post-40542","post","type-post","status-publish","format-standard","has-post-thumbnail","hentry","category-spor"],"_links":{"self":[{"href":"https:\/\/www.egemtv.com\/index.php?rest_route=\/wp\/v2\/posts\/40542","targetHints":{"allow":["GET"]}}],"collection":[{"href":"https:\/\/www.egemtv.com\/index.php?rest_route=\/wp\/v2\/posts"}],"about":[{"href":"https:\/\/www.egemtv.com\/index.php?rest_route=\/wp\/v2\/types\/post"}],"author":[{"embeddable":true,"href":"https:\/\/www.egemtv.com\/index.php?rest_route=\/wp\/v2\/users\/1"}],"replies":[{"embeddable":true,"href":"https:\/\/www.egemtv.com\/index.php?rest_route=%2Fwp%2Fv2%2Fcomments&post=40542"}],"version-history":[{"count":1,"href":"https:\/\/www.egemtv.com\/index.php?rest_route=\/wp\/v2\/posts\/40542\/revisions"}],"predecessor-version":[{"id":40544,"href":"https:\/\/www.egemtv.com\/index.php?rest_route=\/wp\/v2\/posts\/40542\/revisions\/40544"}],"wp:featuredmedia":[{"embeddable":true,"href":"https:\/\/www.egemtv.com\/index.php?rest_route=\/wp\/v2\/media\/40543"}],"wp:attachment":[{"href":"https:\/\/www.egemtv.com\/index.php?rest_route=%2Fwp%2Fv2%2Fmedia&parent=40542"}],"wp:term":[{"taxonomy":"category","embeddable":true,"href":"https:\/\/www.egemtv.com\/index.php?rest_route=%2Fwp%2Fv2%2Fcategories&post=40542"},{"taxonomy":"post_tag","embeddable":true,"href":"https:\/\/www.egemtv.com\/index.php?rest_route=%2Fwp%2Fv2%2Ftags&post=40542"}],"curies":[{"name":"wp","href":"https:\/\/api.w.org\/{rel}","templated":true}]}}